{"id":343097,"date":"2024-12-15T00:26:55","date_gmt":"2024-12-15T03:26:55","guid":{"rendered":"https:\/\/www.notibras.com\/site\/?p=343097"},"modified":"2024-12-15T00:26:55","modified_gmt":"2024-12-15T03:26:55","slug":"raios-e-trovoes-marcam-as-muitas-tempestades-noturnas-em-brasilia","status":"publish","type":"post","link":"https:\/\/www.notibras.com\/site\/raios-e-trovoes-marcam-as-muitas-tempestades-noturnas-em-brasilia\/","title":{"rendered":"Raios e trov\u00f5es marcam as muitas tempestades noturnas em Bras\u00edlia"},"content":{"rendered":"<p>A noite em Bras\u00edlia traz uma rotina peculiar nesta \u00e9poca do ano: tempestades intensas que pintam o c\u00e9u com luz e som. Enquanto o Sol se despede em um horizonte que parece infinito, as nuvens densas e carregadas assumem o protagonismo, anunciando o espet\u00e1culo natural que est\u00e1 por vir.<\/p>\n<p>Tudo come\u00e7a com um sil\u00eancio quase reverente. O ar est\u00e1 parado, como se a cidade prendesse a respira\u00e7\u00e3o. Ent\u00e3o, o primeiro lampejo cruza o c\u00e9u, iluminando por um instante as \u00e1rvores, os pr\u00e9dios e o concreto que definem a paisagem urbana. Em seguida, o trov\u00e3o ecoa, profundo e poderoso, reverberando pelas quadras e superquadras, acordando at\u00e9 mesmo os mais distra\u00eddos.<\/p>\n<p>Para muitos, \u00e9 um momento de introspec\u00e7\u00e3o. Dentro das casas, observa-se o brilho dos rel\u00e2mpagos projetado nas paredes, como se fossem pinturas ef\u00eameras de um artista invis\u00edvel. Janelas s\u00e3o fechadas com pressa, cortinas s\u00e3o puxadas, e, ainda assim, h\u00e1 sempre aqueles que n\u00e3o resistem \u00e0 tenta\u00e7\u00e3o de espiar o c\u00e9u amea\u00e7ador.<\/p>\n<p>Os trov\u00f5es, entretanto, n\u00e3o s\u00e3o apenas um fen\u00f4meno natural; s\u00e3o tamb\u00e9m um lembrete do poder da natureza, que insiste em mostrar que, apesar de todas as constru\u00e7\u00f5es humanas, \u00e9 ela quem dita as regras. Al\u00e9m disso, trazem consigo mem\u00f3rias e sentimentos. Para uns, as tempestades evocam nostalgia, lembrando de noites passadas em fam\u00edlia, contando hist\u00f3rias enquanto a chuva tamborilava no telhado. Para outros, s\u00e3o um chamado \u00e0 reflex\u00e3o, um momento para pausar e simplesmente ouvir.<\/p>\n<p>Nas ruas, o cen\u00e1rio \u00e9 outro. O asfalto molhado reflete as luzes dos postes, criando uma ilus\u00e3o de rios dourados que serpentam pela cidade. Motoristas enfrentam as vias com cuidado redobrado, enquanto os pedestres apressam o passo, protegendo-se como podem sob guarda-chuvas que parecem insignificantes diante da intensidade da chuva.<\/p>\n<p>E ent\u00e3o, como que por encanto, a tempestade passa. O sil\u00eancio retorna, mas agora \u00e9 um sil\u00eancio diferente, pontuado pelo gotejar da \u00e1gua da chuva nas \u00e1rvores e pelo aroma \u00fanico da terra molhada. O c\u00e9u, antes carregado, se abre timidamente, revelando estrelas que insistem em brilhar entre as nuvens remanescentes. E Bras\u00edlia dorme novamente, sob o manto renovado da noite.<\/p>\n<p>Os brasilienses aprenderam que as tempestades noturnas s\u00e3o um lembrete de que, em meio \u00e0 pressa e ao concreto, a natureza ainda tem seu lugar, sua voz e sua majestade. S\u00e3o, talvez, a forma que o universo encontrou de nos dizer para desacelerar, admirar e respeitar o espet\u00e1culo \u00e0 nossa volta.<\/p>\n<p>&#8230;&#8230;&#8230;&#8230;&#8230;&#8230;&#8230;<\/p>\n<p><strong>Carolina Paiva \u00e9 Editora do Quadradinho em Foco<\/strong><\/p>\n","protected":false},"excerpt":{"rendered":"<p>A noite em Bras\u00edlia traz uma rotina peculiar nesta \u00e9poca do ano: tempestades intensas que pintam o c\u00e9u com luz e som. Enquanto o Sol se despede em um horizonte que parece infinito, as nuvens densas e carregadas assumem o protagonismo, anunciando o espet\u00e1culo natural que est\u00e1 por vir. Tudo come\u00e7a com um sil\u00eancio quase [&hellip;]<\/p>\n","protected":false},"author":2,"featured_media":343098,"comment_status":"closed","ping_status":"closed","sticky":false,"template":"","format":"standard","meta":{"_acf_changed":false,"footnotes":""},"categories":[161],"tags":[],"class_list":["post-343097","post","type-post","status-publish","format-standard","has-post-thumbnail","hentry","category-quadradinho-em-foco"],"acf":[],"_links":{"self":[{"href":"https:\/\/www.notibras.com\/site\/wp-json\/wp\/v2\/posts\/343097","targetHints":{"allow":["GET"]}}],"collection":[{"href":"https:\/\/www.notibras.com\/site\/wp-json\/wp\/v2\/posts"}],"about":[{"href":"https:\/\/www.notibras.com\/site\/wp-json\/wp\/v2\/types\/post"}],"author":[{"embeddable":true,"href":"https:\/\/www.notibras.com\/site\/wp-json\/wp\/v2\/users\/2"}],"replies":[{"embeddable":true,"href":"https:\/\/www.notibras.com\/site\/wp-json\/wp\/v2\/comments?post=343097"}],"version-history":[{"count":1,"href":"https:\/\/www.notibras.com\/site\/wp-json\/wp\/v2\/posts\/343097\/revisions"}],"predecessor-version":[{"id":343099,"href":"https:\/\/www.notibras.com\/site\/wp-json\/wp\/v2\/posts\/343097\/revisions\/343099"}],"wp:featuredmedia":[{"embeddable":true,"href":"https:\/\/www.notibras.com\/site\/wp-json\/wp\/v2\/media\/343098"}],"wp:attachment":[{"href":"https:\/\/www.notibras.com\/site\/wp-json\/wp\/v2\/media?parent=343097"}],"wp:term":[{"taxonomy":"category","embeddable":true,"href":"https:\/\/www.notibras.com\/site\/wp-json\/wp\/v2\/categories?post=343097"},{"taxonomy":"post_tag","embeddable":true,"href":"https:\/\/www.notibras.com\/site\/wp-json\/wp\/v2\/tags?post=343097"}],"curies":[{"name":"wp","href":"https:\/\/api.w.org\/{rel}","templated":true}]}}