{"id":343100,"date":"2024-12-15T00:01:57","date_gmt":"2024-12-15T03:01:57","guid":{"rendered":"https:\/\/www.notibras.com\/site\/?p=343100"},"modified":"2024-12-15T00:37:47","modified_gmt":"2024-12-15T03:37:47","slug":"nisia-alerta-para-prevencao-contra-a-dengue-antes-do-verao","status":"publish","type":"post","link":"https:\/\/www.notibras.com\/site\/nisia-alerta-para-prevencao-contra-a-dengue-antes-do-verao\/","title":{"rendered":"N\u00edsia alerta para preven\u00e7\u00e3o contra a dengue antes do ver\u00e3o"},"content":{"rendered":"<p>A preven\u00e7\u00e3o contra a dengue deve ser uma responsabilidade de todos e quanto maior for o esfor\u00e7o agora, menos pessoas adoecer\u00e3o no pr\u00f3ximo ver\u00e3o. A mensagem \u00e9 da ministra da Sa\u00fade, N\u00edsia Trindade, que participou neste s\u00e1bado (14), da mobiliza\u00e7\u00e3o do Dia D contra a Dengue.<\/p>\n<p>&#8220;Cada um de n\u00f3s tem responsabilidades, 75% dos focos se encontram nas nossas casas ou no entorno das nossas casas. [\u00c9 preciso] conversar com as comunidades, alertar sobre como se proteger em rela\u00e7\u00e3o \u00e0 dengue&#8221;, disse a ministra, que agradeceu aos trabalhadores do Sistema \u00danico de Sa\u00fade (SUS) pelo esfor\u00e7o di\u00e1rio contra a doen\u00e7a.<\/p>\n<p>N\u00edsia Trindade explicou, ainda, que a previs\u00e3o de como vai ser a incid\u00eancia da dengue no pr\u00f3ximo ver\u00e3o est\u00e1 em constante estudo pelas autoridades sanit\u00e1rias. &#8220;O que temos neste momento \u00e9 a clareza de que quanto mais fizermos agora, mais reduziremos os casos. Que teremos muitos casos de dengue [no pr\u00f3ximo ver\u00e3o], provavelmente teremos por temperaturas altas e chuvas. Mas o grande esfor\u00e7o agora \u00e9 reduzir ao m\u00e1ximo [os casos]&#8221;, afirmou.<\/p>\n<p>&#8220;Temos indicativos de uma prov\u00e1vel concentra\u00e7\u00e3o maior de casos nas regi\u00f5es Sudeste, Sul e Centro-Oeste. Isso tem a ver com falta de exposi\u00e7\u00e3o [em anos anteriores] a alguns sorotipos da dengue. Lembrando que tamb\u00e9m estamos controlando a zika e chikungunha [transmitidas pelo mesmo mosquito]&#8221;, acrescentou<\/p>\n<p><strong>Origem da doen\u00e7a<\/strong><br \/>\nA dengue \u00e9 uma doen\u00e7a causada por um v\u00edrus transportado por mosquitos como o Aedes aegypti, que se reproduz depositando ovos em \u00e1gua parada. A mobiliza\u00e7\u00e3o busca conscientizar a popula\u00e7\u00e3o e os agentes p\u00fablicos a reduzirem os locais dispon\u00edveis para essa procria\u00e7\u00e3o, por meio de medidas simples como tampar caixas d&#8217;\u00e1gua, limpar calhas e fechar bem sacos de lixo.<\/p>\n<p>Al\u00e9m da preven\u00e7\u00e3o, a ministra destacou que, quem apresentar sintomas de dengue, como febre, manchas vermelhas no corpo e, sobretudo, dor atr\u00e1s dos olhos, muito caracter\u00edstica da doen\u00e7a, deve procurar uma unidade de sa\u00fade para receber as devidas orienta\u00e7\u00f5es. Para isso, tamb\u00e9m \u00e9 necess\u00e1rio que estados e munic\u00edpios reforcem a prepara\u00e7\u00e3o dos profissionais para esse atendimento.<\/p>\n<p>&#8220;A dengue \u00e9 uma doen\u00e7a que n\u00e3o \u00e9 para matar, porque com hidrata\u00e7\u00e3o e com cuidado adequado evitamos o pior&#8221;, acentuou.<\/p>\n<p>Ao longo de 2024, as unidades federativas com a maior incid\u00eancia da doen\u00e7a foram o Distrito Federal, Minas Gerais e Paran\u00e1, mas especialistas t\u00eam observado um lento e cont\u00ednuo crescimento no n\u00famero de casos nas regi\u00f5es Sudeste e Sul. S\u00e3o Paulo foi o que teve a maior quantidade de casos graves e de mortes, seguido por Minas Gerais.<\/p>\n<p><strong>Risco maior<\/strong><br \/>\nA faixa et\u00e1ria com o maior n\u00famero de ocorr\u00eancias notificadas \u00e9 a que se situa dos 20 aos 29 anos de idade e 55% dos infectados s\u00e3o mulheres. Idosos, beb\u00eas, gr\u00e1vidas e pessoas com alguma condi\u00e7\u00e3o de sa\u00fade t\u00eam maiores riscos de desenvolver complica\u00e7\u00f5es pela doen\u00e7a.<\/p>\n<p>Os principais sintomas da dengue s\u00e3o febre alta repentina, dor de cabe\u00e7a, prostra\u00e7\u00e3o e dores nos m\u00fasculos, articula\u00e7\u00f5es e atr\u00e1s dos olhos. Mas, entre o terceiro e o s\u00e9timo dia ap\u00f3s o in\u00edcio dos sintomas, podem ocorrer v\u00f4mitos, dor abdominal, sensa\u00e7\u00e3o de desmaio e sangramento das mucosas, o que indica um agravamento do quadro.<\/p>\n<p>A dengue pode causar extravasamento de plasma e hemorragias, por isso, desde os primeiros sintomas \u00e9 preciso procurar um servi\u00e7o de sa\u00fade para o diagn\u00f3stico correto. N\u00e3o h\u00e1 um tratamento espec\u00edfico contra a doen\u00e7a, e os pacientes devem evitar a automedica\u00e7\u00e3o, j\u00e1 que alguns rem\u00e9dios, incluindo certos tipos de analg\u00e9sicos e anti-inflamat\u00f3rios, podem favorecer hemorragias.<\/p>\n","protected":false},"excerpt":{"rendered":"<p>A preven\u00e7\u00e3o contra a dengue deve ser uma responsabilidade de todos e quanto maior for o esfor\u00e7o agora, menos pessoas adoecer\u00e3o no pr\u00f3ximo ver\u00e3o. A mensagem \u00e9 da ministra da Sa\u00fade, N\u00edsia Trindade, que participou neste s\u00e1bado (14), da mobiliza\u00e7\u00e3o do Dia D contra a Dengue. &#8220;Cada um de n\u00f3s tem responsabilidades, 75% dos focos [&hellip;]<\/p>\n","protected":false},"author":2,"featured_media":343101,"comment_status":"closed","ping_status":"closed","sticky":false,"template":"","format":"standard","meta":{"_acf_changed":false,"footnotes":""},"categories":[161],"tags":[],"class_list":["post-343100","post","type-post","status-publish","format-standard","has-post-thumbnail","hentry","category-quadradinho-em-foco"],"acf":[],"_links":{"self":[{"href":"https:\/\/www.notibras.com\/site\/wp-json\/wp\/v2\/posts\/343100","targetHints":{"allow":["GET"]}}],"collection":[{"href":"https:\/\/www.notibras.com\/site\/wp-json\/wp\/v2\/posts"}],"about":[{"href":"https:\/\/www.notibras.com\/site\/wp-json\/wp\/v2\/types\/post"}],"author":[{"embeddable":true,"href":"https:\/\/www.notibras.com\/site\/wp-json\/wp\/v2\/users\/2"}],"replies":[{"embeddable":true,"href":"https:\/\/www.notibras.com\/site\/wp-json\/wp\/v2\/comments?post=343100"}],"version-history":[{"count":1,"href":"https:\/\/www.notibras.com\/site\/wp-json\/wp\/v2\/posts\/343100\/revisions"}],"predecessor-version":[{"id":343102,"href":"https:\/\/www.notibras.com\/site\/wp-json\/wp\/v2\/posts\/343100\/revisions\/343102"}],"wp:featuredmedia":[{"embeddable":true,"href":"https:\/\/www.notibras.com\/site\/wp-json\/wp\/v2\/media\/343101"}],"wp:attachment":[{"href":"https:\/\/www.notibras.com\/site\/wp-json\/wp\/v2\/media?parent=343100"}],"wp:term":[{"taxonomy":"category","embeddable":true,"href":"https:\/\/www.notibras.com\/site\/wp-json\/wp\/v2\/categories?post=343100"},{"taxonomy":"post_tag","embeddable":true,"href":"https:\/\/www.notibras.com\/site\/wp-json\/wp\/v2\/tags?post=343100"}],"curies":[{"name":"wp","href":"https:\/\/api.w.org\/{rel}","templated":true}]}}