{"id":343103,"date":"2024-12-15T00:49:05","date_gmt":"2024-12-15T03:49:05","guid":{"rendered":"https:\/\/www.notibras.com\/site\/?p=343103"},"modified":"2024-12-15T00:51:02","modified_gmt":"2024-12-15T03:51:02","slug":"covid-volta-a-atacar-no-nordeste-e-preciso-cuidado-com-criancas-e-idosos","status":"publish","type":"post","link":"https:\/\/www.notibras.com\/site\/covid-volta-a-atacar-no-nordeste-e-preciso-cuidado-com-criancas-e-idosos\/","title":{"rendered":"Covid volta a atacar no Nordeste; \u00e9 preciso cuidado com crian\u00e7as e idosos"},"content":{"rendered":"<p>O Minist\u00e9rio da Sa\u00fade atualizou a estrat\u00e9gia de vacina\u00e7\u00e3o contra a covid-19 e a inclus\u00e3o de idosos e gestantes no Calend\u00e1rio Nacional de Vacina\u00e7\u00e3o est\u00e1 entre as principais novidades. As gr\u00e1vidas dever\u00e3o ser imunizadas com uma dose a cada gesta\u00e7\u00e3o e os idosos receber\u00e3o uma dose a cada seis meses.<\/p>\n<p>Al\u00e9m disso, o esquema vacinal prim\u00e1rio para crian\u00e7as de 6 meses a menores de 5 anos de idade, que j\u00e1 constava do calend\u00e1rio anual, passar\u00e1 a ser com tr\u00eas doses da vacina da Pfizer. Ainda, o governo incluir\u00e1 o imunizante da Zalika Farmac\u00eautica no Programa Nacional de Imuniza\u00e7\u00f5es (PNI), para pessoas com mais de 12 anos.<\/p>\n<p>Um dos motivos de preocupa\u00e7\u00e3o \u00e9 com capitais do Nordeste, onde novos casos da doen\u00e7a t\u00eam sido registrados em \u00edndice crescente nas \u00faltimas semanas. As novas orienta\u00e7\u00f5es j\u00e1 foram enviadas para as secretarias de Sa\u00fade de todos os estados. O informe t\u00e9cnico com as atualiza\u00e7\u00f5es foi publicado nesta semana na p\u00e1gina do Minist\u00e9rio da Sa\u00fade.<\/p>\n<p><strong>Grupos priorit\u00e1rios<\/strong><br \/>\nAl\u00e9m da vacina\u00e7\u00e3o de rotina das crian\u00e7as de 6 meses a menores de 5 anos de idade, idosos com 60 anos ou mais e gestantes, o Minist\u00e9rio da Sa\u00fade vacina outros grupos especiais, periodicamente, em qualquer sala de vacina.<\/p>\n<p>S\u00e3o eles:<\/p>\n<p>&#8211; Pessoas imunocomprometidas;<\/p>\n<p>&#8211; Pessoas vivendo em institui\u00e7\u00f5es de longa perman\u00eancia;<\/p>\n<p>&#8211; Ind\u00edgenas vivendo fora e em terra ind\u00edgena;<\/p>\n<p>&#8211; Ribeirinhos;<\/p>\n<p>&#8211; Quilombolas;<\/p>\n<p>&#8211; Pu\u00e9rperas;<\/p>\n<p>&#8211; Trabalhadores da sa\u00fade;<\/p>\n<p>&#8211; Pessoas com defici\u00eancia permanente;<\/p>\n<p>&#8211; Pessoas com comorbidades;<\/p>\n<p>&#8211; Pessoas privadas de liberdade;<\/p>\n<p>&#8211; Funcion\u00e1rios do sistema de priva\u00e7\u00e3o de liberdade;<\/p>\n<p>&#8211; Adolescentes e jovens cumprindo medidas socioeducativas;<\/p>\n<p>&#8211; Pessoas em situa\u00e7\u00e3o de rua.<\/p>\n<p>A recomenda\u00e7\u00e3o \u00e9 de uma dose a cada seis meses para imunocomprometidos e a cada ano para os demais grupos, independentemente do n\u00famero de doses pr\u00e9vias de vacinas contra covid-19.<\/p>\n<p><strong>Imunizantes<\/strong><br \/>\nOs imunizantes em uso na rede p\u00fablica do Brasil s\u00e3o a Spikevax, da Moderna; a Comirnaty, da Pfizer; e a vacina da Zalika Farmac\u00eautica. A indica\u00e7\u00e3o para cada uma depende da idade e do hist\u00f3rico de vacina\u00e7\u00e3o pr\u00e9via do indiv\u00edduo, bem como do estoque dispon\u00edvel.<\/p>\n<p>A vacina da Zalika, segundo o Minist\u00e9rio da Sa\u00fade, tem vantagens log\u00edsticas como o alto prazo de validade e a facilidade para o transporte e armazenamento, j\u00e1 que pode ser conservada em temperatura entre 2\u00b0C e 8\u00b0C. Ela ser\u00e1 utilizada no Brasil para indiv\u00edduos com 12 anos ou mais, faixa et\u00e1ria aprovada pela Ag\u00eancia Nacional de Vigil\u00e2ncia Sanit\u00e1ria (Anvisa).<\/p>\n<p>J\u00e1 os imunizantes da Pfizer e Moderna est\u00e3o liberados para toda a popula\u00e7\u00e3o a partir dos 6 meses de idade.<\/p>\n<p>De acordo com a pasta, para as crian\u00e7as com menos de 12 anos, ser\u00e1 distribu\u00edda a vacina da Pfizer. As crian\u00e7as que iniciarem o esquema com essa vacina dever\u00e3o receber tr\u00eas doses do imunizante, com intervalos de quatro semanas entre a primeira e a segunda dose; e de oito semanas entre a segunda e terceira dose.<\/p>\n<p>As crian\u00e7as que iniciaram o esquema com a vacina da Moderna devem concluir o esquema de duas doses com esse mesmo imunizante, com intervalo de quatro semanas entre a primeira e a segunda dose.<\/p>\n","protected":false},"excerpt":{"rendered":"<p>O Minist\u00e9rio da Sa\u00fade atualizou a estrat\u00e9gia de vacina\u00e7\u00e3o contra a covid-19 e a inclus\u00e3o de idosos e gestantes no Calend\u00e1rio Nacional de Vacina\u00e7\u00e3o est\u00e1 entre as principais novidades. As gr\u00e1vidas dever\u00e3o ser imunizadas com uma dose a cada gesta\u00e7\u00e3o e os idosos receber\u00e3o uma dose a cada seis meses. Al\u00e9m disso, o esquema vacinal [&hellip;]<\/p>\n","protected":false},"author":2,"featured_media":343104,"comment_status":"closed","ping_status":"closed","sticky":false,"template":"","format":"standard","meta":{"_acf_changed":false,"footnotes":""},"categories":[165],"tags":[],"class_list":["post-343103","post","type-post","status-publish","format-standard","has-post-thumbnail","hentry","category-nordeste"],"acf":[],"_links":{"self":[{"href":"https:\/\/www.notibras.com\/site\/wp-json\/wp\/v2\/posts\/343103","targetHints":{"allow":["GET"]}}],"collection":[{"href":"https:\/\/www.notibras.com\/site\/wp-json\/wp\/v2\/posts"}],"about":[{"href":"https:\/\/www.notibras.com\/site\/wp-json\/wp\/v2\/types\/post"}],"author":[{"embeddable":true,"href":"https:\/\/www.notibras.com\/site\/wp-json\/wp\/v2\/users\/2"}],"replies":[{"embeddable":true,"href":"https:\/\/www.notibras.com\/site\/wp-json\/wp\/v2\/comments?post=343103"}],"version-history":[{"count":2,"href":"https:\/\/www.notibras.com\/site\/wp-json\/wp\/v2\/posts\/343103\/revisions"}],"predecessor-version":[{"id":343106,"href":"https:\/\/www.notibras.com\/site\/wp-json\/wp\/v2\/posts\/343103\/revisions\/343106"}],"wp:featuredmedia":[{"embeddable":true,"href":"https:\/\/www.notibras.com\/site\/wp-json\/wp\/v2\/media\/343104"}],"wp:attachment":[{"href":"https:\/\/www.notibras.com\/site\/wp-json\/wp\/v2\/media?parent=343103"}],"wp:term":[{"taxonomy":"category","embeddable":true,"href":"https:\/\/www.notibras.com\/site\/wp-json\/wp\/v2\/categories?post=343103"},{"taxonomy":"post_tag","embeddable":true,"href":"https:\/\/www.notibras.com\/site\/wp-json\/wp\/v2\/tags?post=343103"}],"curies":[{"name":"wp","href":"https:\/\/api.w.org\/{rel}","templated":true}]}}