{"id":343107,"date":"2024-12-15T00:00:53","date_gmt":"2024-12-15T03:00:53","guid":{"rendered":"https:\/\/www.notibras.com\/site\/?p=343107"},"modified":"2024-12-15T01:03:20","modified_gmt":"2024-12-15T04:03:20","slug":"personagens-de-jorge-amado-como-tieta-e-gabriela-ganham-vida-em-peca","status":"publish","type":"post","link":"https:\/\/www.notibras.com\/site\/personagens-de-jorge-amado-como-tieta-e-gabriela-ganham-vida-em-peca\/","title":{"rendered":"Personagens de Jorge Amado, como Tieta e Gabriela, ganham vida em pe\u00e7a"},"content":{"rendered":"<p>Pedro Arcanjo, Tieta, Quincas Berro d&#8217;\u00c1gua, Gabriela ou pai Jubiab\u00e1 &#8211; alguns dos personagens mais conhecidos do universo de Jorge Amado v\u00e3o ganhar vida em pe\u00e7a que vai celebrar a reinaugura\u00e7\u00e3o da Funda\u00e7\u00e3o Casa de Jorge Amado, que passou recentemente por reforma. Chamada de A Casa de Jorge Amado, a pe\u00e7a \u00e9 concebida por Edvard Passos e ser\u00e1 apresentada a partir de janeiro na institui\u00e7\u00e3o.<\/p>\n<p>E esta n\u00e3o ser\u00e1 uma pe\u00e7a comum. O pr\u00f3prio Jorge Amado dever\u00e1 ser um guia do p\u00fablico, j\u00e1 que ela ser\u00e1 apresentada em diversos cen\u00e1rios, percorrendo os novos espa\u00e7os rec\u00e9m-reformados da funda\u00e7\u00e3o. \u201cTenho j\u00e1 uma experi\u00eancia de dez anos com a obra de Jorge Amado sendo encenada. O primeiro trabalho foi uma adapta\u00e7\u00e3o de O Compadre de Ogum, que \u00e9 daquele livro Os Pastores da Noite. Ela fez muito sucesso e rendeu um musical de rua itinerante pelas ruas do Pelourinho, chamado A Cidade da Bahia \u00e9 Nossa, que passeia por dez obras de Jorge Amado. Disso surgiu esse convite para desenvolver um espet\u00e1culo &#8211; que a gente chama em teatro de site-specific &#8211; que \u00e9 desenhado para explorar os espa\u00e7os da casa\u201d, explicou Passos.<\/p>\n<p>A pe\u00e7a ser\u00e1 encenada \u00e0 noite para manter, segundo o diretor, \u201cuma ambi\u00eancia de mist\u00e9rio\u201d. A ideia ser\u00e1 explorar cada um dos espa\u00e7os da casa, com o pr\u00f3prio Jorge Amado e tamb\u00e9m o personagem Pedro Arcanjo, um dos preferidos do autor, servindo como guias do lugar.<\/p>\n<p>\u201cA gente vai ter uma dimens\u00e3o \u00e9pica, narrativa, dos personagens entregando, em s\u00edntese, suas trajet\u00f3rias. Mas vamos ter tamb\u00e9m uma esp\u00e9cie de crossover [quando personagens, cen\u00e1rios ou universos de fic\u00e7\u00e3o distintos s\u00e3o colocados no contexto de uma \u00fanica hist\u00f3ria]. Ent\u00e3o, a quest\u00e3o do territ\u00f3rio ser\u00e1 fundamental para poder amalgamar obras id\u00eanticas\u201d, disse.<\/p>\n<p>Os personagens populares e t\u00e3o conhecidos de Amado v\u00e3o ent\u00e3o ganhar vida e percorrer os novos espa\u00e7os da institui\u00e7\u00e3o, criada para preservar a obra do autor e tamb\u00e9m para ser um ponto de encontro cultural.<\/p>\n<p>\u201cJorge Amado tem um papel muito importante de trazer um perfil populacional para o centro, para o protagonismo da cena. Ele foi uma das primeiras pessoas a realizar isso, causando, inclusive, no come\u00e7o, muita reatividade. Voc\u00ea tem obras como Capit\u00e3es da Areia em que a reatividade foi t\u00e3o grande que as pessoas queimavam o livro em pra\u00e7a p\u00fablica. Hoje voc\u00ea tem uma outra realidade em que esse movimento de voc\u00ea preencher o protagonismo do palco com personagens populares \u00e9 mais do que bem-vindo\u201d, ressaltou o diretor.<\/p>\n<p>A pe\u00e7a \u00e9 mais um dos projetos que a Funda\u00e7\u00e3o Casa de Jorge Amado tem pensado para o futuro, ap\u00f3s uma reforma de nove meses que a modernizou e a deixou mais segura. A Funda\u00e7\u00e3o foi reaberta ao p\u00fablico na \u00faltima quinta-feira (12) e, como parte dessa celebra\u00e7\u00e3o.<\/p>\n<p><strong>Novidades<\/strong><br \/>\nAl\u00e9m da pe\u00e7a, a Funda\u00e7\u00e3o Casa de Jorge Amado tem trabalhado em outros dois projetos. Um deles prev\u00ea a cria\u00e7\u00e3o de um aplicativo que deve aproveitar uma pesquisa j\u00e1 pronta, feita pela institui\u00e7\u00e3o, sobre espa\u00e7os da capital baiana que foram citados nas obras de Jorge Amado. A inten\u00e7\u00e3o \u00e9 produzir um aplicativo em que a pessoa, estando nestes espa\u00e7os, consiga captar trechos das obras do escritor em que eles s\u00e3o citados.<\/p>\n<p>\u201cJ\u00e1 temos o aplicativo Casa de Jorge Amado. Com ele, a pessoa pode mirar para uma foto da exposi\u00e7\u00e3o e, o que estiver escrito ali pode vir em \u00e1udio em portugu\u00eas, ingl\u00eas, franc\u00eas ou espanhol. Al\u00e9m dos textos da exposi\u00e7\u00e3o, voc\u00ea pode utilizar este aplicativo no Mirante da Funda\u00e7\u00e3o Casa de Jorge Amado, onde voc\u00ea pode mirar o celular para alguns espa\u00e7os do Pelourinho, como a Igreja Nossa Senhora do Ros\u00e1rio dos Pretos. A\u00ed tem um \u00e1udio do Jorge Amado falando sobre a igreja\u201d, explicou Angela Fraga, diretora executiva da Funda\u00e7\u00e3o Casa de Jorge Amado.<\/p>\n<p>Al\u00e9m desse novo aplicativo que funcionaria para al\u00e9m do espa\u00e7o da institui\u00e7\u00e3o, a Funda\u00e7\u00e3o tamb\u00e9m est\u00e1 desenvolvendo um transporte para fazer uma liga\u00e7\u00e3o entre a sede e a Casa do Rio Vermelho, onde o escritor viveu com Z\u00e9lia Gattai e onde repousam as cinzas do casal. Chamado de Vou Daqui, Venha de L\u00e1, o projeto est\u00e1 em fase de capta\u00e7\u00e3o de recursos.<\/p>\n<p>\u201cNas quartas-feiras a gente tem uma van que sai da esta\u00e7\u00e3o do Campo da P\u00f3lvora, que \u00e9 uma esta\u00e7\u00e3o de metr\u00f4 aqui pertinho, e traz as pessoas para o Pelourinho, gratuitamente. Diante disso, a gente teve a ideia de tentar ampliar esse trajeto, de forma com que a van possa ir tamb\u00e9m at\u00e9 a Casa do Rio Vermelho, fazendo um link entre a vida e a obra de Jorge Amado. Isso est\u00e1 em fase de capta\u00e7\u00e3o\u201d, disse.<\/p>\n<p>O novo aplicativo que est\u00e1 sendo desenvolvido, espera a diretora, poderia ser tamb\u00e9m utilizado durante esse percurso, com a van tendo como destino a Casa do Rio Vermelho, mas parando antes em diversos outros espa\u00e7os que foram citados em obras de Jorge Amado. \u201cA gente espera, com a entrega do equipamento j\u00e1 reformado, que tenhamos f\u00f4lego para trabalhar em tudo isso\u201d, afirmou Angela.<\/p>\n<p><strong>Reforma<\/strong><br \/>\nA institui\u00e7\u00e3o cultural passou pela maior restaura\u00e7\u00e3o desde a inaugura\u00e7\u00e3o em 7 de mar\u00e7o de 1987. A sede, que era composta pelas casas de n\u00fameros 49 e 51 &#8211; as conhecidas Casas Azul e Amarela do Largo do Pelourinho &#8211; foi agora conectada a mais um pr\u00e9dio, o de n\u00famero 47, a chamada Casa Branca. Com a reforma, novos espa\u00e7os expositivos foram criados. Al\u00e9m disso, o local ficou mais acess\u00edvel, mais moderno e mais seguro, com a instala\u00e7\u00e3o de um novo e moderno sistema anti-inc\u00eandio e de monitoramento.<\/p>\n<p>Ap\u00f3s essa reforma, as escritoras Z\u00e9lia Gattai (que foi companheira de Jorge Amado) e Myriam Fraga (que ajudou a criar e foi a primeira diretora da funda\u00e7\u00e3o) receberam exposi\u00e7\u00f5es exclusivas e permanentes no espa\u00e7o. H\u00e1 tamb\u00e9m uma exposi\u00e7\u00e3o que apresenta ilustra\u00e7\u00f5es presentes nos livros de Jorge Amado e uma sala dedicada a Exu, o orix\u00e1 que foi escolhido pelo pr\u00f3prio Jorge Amado como guardi\u00e3o da casa.<\/p>\n<p>No primeiro dia de sua reabertura, ocorrido na quinta (12), a Funda\u00e7\u00e3o recebeu grupos escolares e muitos turistas. Entre eles, a professora Ana Elisa Dinunci de S\u00e1 Costa, 23 anos, de Niter\u00f3i (RJ). Pela primeira vez em Salvador, ela aproveitou a visita para conhecer a Funda\u00e7\u00e3o Casa de Jorge Amado, no Largo do Pelourinho.<\/p>\n<p>\u201cEstou adorando a exposi\u00e7\u00e3o. Jorge Amado fala muito bem da cultura da Bahia. Quando temos acesso aos livros dele, \u00e0s artes dele e a todas as suas obras temos mais acesso \u00e0 intimidade da Bahia. Conseguimos ver um pouco do cotidiano baiano. Tamb\u00e9m acho muito linda a forma como ele retrata os orix\u00e1s e como isso se insere de forma t\u00e3o natural no cotidiano baiano\u201d, disse.<\/p>\n<p>Um dos espa\u00e7os que a professora mais gostou na Funda\u00e7\u00e3o foi o primeiro andar, que apresenta uma linha do tempo do escritor. \u201cEsse espa\u00e7o fala da vida do Jorge Amado e da hist\u00f3ria de como ele come\u00e7ou a escrever. Achei isso muito interessante\u201d, disse, que j\u00e1 leu Tieta do Agreste, Gabriela Cravo e Canela e seu favorito do autor, Tenda dos Milagres.<\/p>\n<p>Quem tamb\u00e9m esteve na Funda\u00e7\u00e3o na tarde de quinta-feira pela primeira vez foi o consultor p\u00fablico Jos\u00e9 Siqueira, 32 anos. Acompanhado de parentes, ele gostou da jun\u00e7\u00e3o que a institui\u00e7\u00e3o faz entre o moderno e o antigo. \u201cAchei esse espa\u00e7o bem diferente, bem acolhedor, bem moderno e, ao mesmo tempo, r\u00fastico\u201d, disse.<\/p>\n<p>At\u00e9 s\u00e1bado (14), a Funda\u00e7\u00e3o Casa de Jorge Amado esteve aberta gratuitamente ao p\u00fablico. A partir da segunda, 16, estar\u00e1 aberta de segunda a sexta-feira, das 10h \u00e0s 18h e, aos s\u00e1bados, das 10h \u00e0s 16h, com entrada gratuita \u00e0s quartas-feiras.<\/p>\n","protected":false},"excerpt":{"rendered":"<p>Pedro Arcanjo, Tieta, Quincas Berro d&#8217;\u00c1gua, Gabriela ou pai Jubiab\u00e1 &#8211; alguns dos personagens mais conhecidos do universo de Jorge Amado v\u00e3o ganhar vida em pe\u00e7a que vai celebrar a reinaugura\u00e7\u00e3o da Funda\u00e7\u00e3o Casa de Jorge Amado, que passou recentemente por reforma. Chamada de A Casa de Jorge Amado, a pe\u00e7a \u00e9 concebida por Edvard [&hellip;]<\/p>\n","protected":false},"author":2,"featured_media":343108,"comment_status":"closed","ping_status":"closed","sticky":false,"template":"","format":"standard","meta":{"_acf_changed":false,"footnotes":""},"categories":[165],"tags":[],"class_list":["post-343107","post","type-post","status-publish","format-standard","has-post-thumbnail","hentry","category-nordeste"],"acf":[],"_links":{"self":[{"href":"https:\/\/www.notibras.com\/site\/wp-json\/wp\/v2\/posts\/343107","targetHints":{"allow":["GET"]}}],"collection":[{"href":"https:\/\/www.notibras.com\/site\/wp-json\/wp\/v2\/posts"}],"about":[{"href":"https:\/\/www.notibras.com\/site\/wp-json\/wp\/v2\/types\/post"}],"author":[{"embeddable":true,"href":"https:\/\/www.notibras.com\/site\/wp-json\/wp\/v2\/users\/2"}],"replies":[{"embeddable":true,"href":"https:\/\/www.notibras.com\/site\/wp-json\/wp\/v2\/comments?post=343107"}],"version-history":[{"count":1,"href":"https:\/\/www.notibras.com\/site\/wp-json\/wp\/v2\/posts\/343107\/revisions"}],"predecessor-version":[{"id":343109,"href":"https:\/\/www.notibras.com\/site\/wp-json\/wp\/v2\/posts\/343107\/revisions\/343109"}],"wp:featuredmedia":[{"embeddable":true,"href":"https:\/\/www.notibras.com\/site\/wp-json\/wp\/v2\/media\/343108"}],"wp:attachment":[{"href":"https:\/\/www.notibras.com\/site\/wp-json\/wp\/v2\/media?parent=343107"}],"wp:term":[{"taxonomy":"category","embeddable":true,"href":"https:\/\/www.notibras.com\/site\/wp-json\/wp\/v2\/categories?post=343107"},{"taxonomy":"post_tag","embeddable":true,"href":"https:\/\/www.notibras.com\/site\/wp-json\/wp\/v2\/tags?post=343107"}],"curies":[{"name":"wp","href":"https:\/\/api.w.org\/{rel}","templated":true}]}}