{"id":343110,"date":"2024-12-15T00:00:27","date_gmt":"2024-12-15T03:00:27","guid":{"rendered":"https:\/\/www.notibras.com\/site\/?p=343110"},"modified":"2024-12-15T01:24:12","modified_gmt":"2024-12-15T04:24:12","slug":"bia-baiana-ferreira-bate-francesa-e-mantem-cinturao-de-campea-mundial","status":"publish","type":"post","link":"https:\/\/www.notibras.com\/site\/bia-baiana-ferreira-bate-francesa-e-mantem-cinturao-de-campea-mundial\/","title":{"rendered":"Bia &#8216;Baiana&#8217; Ferreira bate francesa e mant\u00e9m cintur\u00e3o de campe\u00e3 mundial"},"content":{"rendered":"<p>Quase oito meses ap\u00f3s conquistar pela pela primeira vez o cintur\u00e3o de camp\u00e3 mundial do peso-leve pela Federa\u00e7\u00e3o Internacional de Boxe (IBF, na sigla em ingl\u00eas), a baiana Beatriz Ferreira defendeu com \u00eaxito seu t\u00edtulo neste s\u00e1bado (14), em Monte Carlo (Principado de M\u00f4naco). A boxeadora de 31 anos venceu a francesa Licia Bourdesa, de 32, ao fim de 10 rounds, em decis\u00e3o un\u00e2nime dos ju\u00edzes. O hist\u00f3rico da advers\u00e1ria francesa no boxe profissional inclui 23 vit\u00f3rias (quatro por nocaute), dois empates e, agora, quatro derrotas.<\/p>\n<p>\u201cFoi uma luta muito boa. Estou pegando o ritmo do profissional ainda, \u00e9 um degrau de cada vez. Sei que posso dominar essa categoria, vou dominar e vir cada vez melhor. Irei enfrentar qualquer uma. Lutadoras da categoria, se preparem!\u201d, avisou Bia, em entrevista logo ap\u00f3s a vit\u00f3ria em Monte Carlo.<\/p>\n<p>Bicampe\u00e3 mundial no boxe amador (2019 e 2023), vice-campe\u00e3 ol\u00edmpica em T\u00f3quio 2020 e bronze em Paris 2024, Bia Ferreira optou pelo boxe profissional este ano, ap\u00f3s a Olimp\u00edada. Na v\u00e9spera contra a francesa Licia Bourdesa, o t\u00e9cnico Mateus Alves, que treina BIa e tamb\u00e9m a sele\u00e7\u00e3o brasileira de boxe, resumiu como foi a prepara\u00e7\u00e3o da atleta para a primeira defesa do cintur\u00e3o.<\/p>\n<p>\u201cForam 12 semanas, onde inclusive trouxemos duas atletas da Argentina do boxe profissional para serem sparrings (advers\u00e1rios no treino) dela durante um per\u00edodo, ent\u00e3o o foco total no profissional&#8221;, revelou Mateus.<\/p>\n<p>Em abril, Bia Ferreira faturou seu primeiro cintur\u00e3o de campe\u00e3 mundial peso-leve ao vencer por nocaute t\u00e9cnico a argentina Yanina Lescano, no sexto round.<\/p>\n","protected":false},"excerpt":{"rendered":"<p>Quase oito meses ap\u00f3s conquistar pela pela primeira vez o cintur\u00e3o de camp\u00e3 mundial do peso-leve pela Federa\u00e7\u00e3o Internacional de Boxe (IBF, na sigla em ingl\u00eas), a baiana Beatriz Ferreira defendeu com \u00eaxito seu t\u00edtulo neste s\u00e1bado (14), em Monte Carlo (Principado de M\u00f4naco). A boxeadora de 31 anos venceu a francesa Licia Bourdesa, de [&hellip;]<\/p>\n","protected":false},"author":2,"featured_media":343111,"comment_status":"closed","ping_status":"closed","sticky":false,"template":"","format":"standard","meta":{"_acf_changed":false,"footnotes":""},"categories":[165],"tags":[],"class_list":["post-343110","post","type-post","status-publish","format-standard","has-post-thumbnail","hentry","category-nordeste"],"acf":[],"_links":{"self":[{"href":"https:\/\/www.notibras.com\/site\/wp-json\/wp\/v2\/posts\/343110","targetHints":{"allow":["GET"]}}],"collection":[{"href":"https:\/\/www.notibras.com\/site\/wp-json\/wp\/v2\/posts"}],"about":[{"href":"https:\/\/www.notibras.com\/site\/wp-json\/wp\/v2\/types\/post"}],"author":[{"embeddable":true,"href":"https:\/\/www.notibras.com\/site\/wp-json\/wp\/v2\/users\/2"}],"replies":[{"embeddable":true,"href":"https:\/\/www.notibras.com\/site\/wp-json\/wp\/v2\/comments?post=343110"}],"version-history":[{"count":2,"href":"https:\/\/www.notibras.com\/site\/wp-json\/wp\/v2\/posts\/343110\/revisions"}],"predecessor-version":[{"id":343113,"href":"https:\/\/www.notibras.com\/site\/wp-json\/wp\/v2\/posts\/343110\/revisions\/343113"}],"wp:featuredmedia":[{"embeddable":true,"href":"https:\/\/www.notibras.com\/site\/wp-json\/wp\/v2\/media\/343111"}],"wp:attachment":[{"href":"https:\/\/www.notibras.com\/site\/wp-json\/wp\/v2\/media?parent=343110"}],"wp:term":[{"taxonomy":"category","embeddable":true,"href":"https:\/\/www.notibras.com\/site\/wp-json\/wp\/v2\/categories?post=343110"},{"taxonomy":"post_tag","embeddable":true,"href":"https:\/\/www.notibras.com\/site\/wp-json\/wp\/v2\/tags?post=343110"}],"curies":[{"name":"wp","href":"https:\/\/api.w.org\/{rel}","templated":true}]}}