{"id":343114,"date":"2024-12-15T00:03:26","date_gmt":"2024-12-15T03:03:26","guid":{"rendered":"https:\/\/www.notibras.com\/site\/?p=343114"},"modified":"2024-12-15T01:32:27","modified_gmt":"2024-12-15T04:32:27","slug":"governo-da-bahia-afasta-diretores-de-presidio-apos-fuga-de-detentos","status":"publish","type":"post","link":"https:\/\/www.notibras.com\/site\/governo-da-bahia-afasta-diretores-de-presidio-apos-fuga-de-detentos\/","title":{"rendered":"Governo da Bahia afasta diretores de pres\u00eddio ap\u00f3s fuga de detentos"},"content":{"rendered":"<p>Ap\u00f3s a fuga de 16 presos do complexo penal de Eun\u00e1polis, no sul da Bahia, o secret\u00e1rio de Administra\u00e7\u00e3o Penitenci\u00e1ria e Ressocializa\u00e7\u00e3o (Seap), Jos\u00e9 Castro, afastou por 30 dias a diretora, Joneuma Neres, o diretor adjunto, Elton Rocha, e o coordenador de seguran\u00e7a da unidade, cujo nome n\u00e3o foi divulgado. O policial penal Jorge Magno Alves Pinto assumiu interinamente (por 30 dias) a dire\u00e7\u00e3o da unidade.<\/p>\n<p>O objetivo \u00e9 fazer uma interven\u00e7\u00e3o no pres\u00eddio para \u201cassegurar a preserva\u00e7\u00e3o da ordem, da regularidade e normalidade administrativo do complexo penal\u201d. O afastamento da diretoria, segundo o secret\u00e1rio estadual teve a finalidade de garantir a imparcialidade nas investiga\u00e7\u00f5es.<\/p>\n<p><strong>Fuga com fuzis<\/strong><br \/>\nJos\u00e9 Castro determinou a instaura\u00e7\u00e3o de uma sindic\u00e2ncia para apurar a ocorr\u00eancia de invas\u00e3o e fuga de presos na noite da \u00faltima quinta-feira (12). Na ocasi\u00e3o, homens armados at\u00e9 de fuzis conseguiram entrar no pres\u00eddio e abrir duas celas, de onde fugiram os 16 presos.<\/p>\n<p>O complexo em Eun\u00e1polis funciona em regime de cogest\u00e3o do estado com a empresa privada Reviver. Em entrevista \u00e0 Ag\u00eancia Brasil, na sexta (13), o presidente da empresa, Odair Concei\u00e7\u00e3o, disse que o ataque contra o complexo penal teve caracter\u00edsticas in\u00e9ditas pela viol\u00eancia como ocorreu. \u201c\u00c9 algo in\u00e9dito na Bahia. N\u00e3o se tem not\u00edcia de uma fuga orquestrada com o tamanho aparato de guerra\u201d. N\u00e3o houve feridos.<\/p>\n<p><strong>Limita\u00e7\u00e3o<\/strong><br \/>\nOdair Nascimento explicou que a \u00e1rea do complexo penal \u00e9 restrita e com prote\u00e7\u00e3o. \u201cMas, em fun\u00e7\u00e3o do aparato bal\u00edstico que eles tinham, eles sa\u00edram abrindo caminho com tiros em s\u00e9rie. Houve naturalmente limita\u00e7\u00e3o do poder de resposta\u201d, disse.<\/p>\n<p>Em nota, a secretaria estadual informou que trabalha de forma integrada com a Secretaria de Seguran\u00e7a P\u00fablica, em apoio \u00e0 Pol\u00edcia Civil nas investiga\u00e7\u00f5es e tamb\u00e9m \u00e0 Pol\u00edcia Militar, que busca recapturar os fugitivos. At\u00e9 este s\u00e1bado, sem sucesso.<\/p>\n","protected":false},"excerpt":{"rendered":"<p>Ap\u00f3s a fuga de 16 presos do complexo penal de Eun\u00e1polis, no sul da Bahia, o secret\u00e1rio de Administra\u00e7\u00e3o Penitenci\u00e1ria e Ressocializa\u00e7\u00e3o (Seap), Jos\u00e9 Castro, afastou por 30 dias a diretora, Joneuma Neres, o diretor adjunto, Elton Rocha, e o coordenador de seguran\u00e7a da unidade, cujo nome n\u00e3o foi divulgado. O policial penal Jorge Magno [&hellip;]<\/p>\n","protected":false},"author":2,"featured_media":343115,"comment_status":"closed","ping_status":"closed","sticky":false,"template":"","format":"standard","meta":{"_acf_changed":false,"footnotes":""},"categories":[165],"tags":[],"class_list":["post-343114","post","type-post","status-publish","format-standard","has-post-thumbnail","hentry","category-nordeste"],"acf":[],"_links":{"self":[{"href":"https:\/\/www.notibras.com\/site\/wp-json\/wp\/v2\/posts\/343114","targetHints":{"allow":["GET"]}}],"collection":[{"href":"https:\/\/www.notibras.com\/site\/wp-json\/wp\/v2\/posts"}],"about":[{"href":"https:\/\/www.notibras.com\/site\/wp-json\/wp\/v2\/types\/post"}],"author":[{"embeddable":true,"href":"https:\/\/www.notibras.com\/site\/wp-json\/wp\/v2\/users\/2"}],"replies":[{"embeddable":true,"href":"https:\/\/www.notibras.com\/site\/wp-json\/wp\/v2\/comments?post=343114"}],"version-history":[{"count":1,"href":"https:\/\/www.notibras.com\/site\/wp-json\/wp\/v2\/posts\/343114\/revisions"}],"predecessor-version":[{"id":343116,"href":"https:\/\/www.notibras.com\/site\/wp-json\/wp\/v2\/posts\/343114\/revisions\/343116"}],"wp:featuredmedia":[{"embeddable":true,"href":"https:\/\/www.notibras.com\/site\/wp-json\/wp\/v2\/media\/343115"}],"wp:attachment":[{"href":"https:\/\/www.notibras.com\/site\/wp-json\/wp\/v2\/media?parent=343114"}],"wp:term":[{"taxonomy":"category","embeddable":true,"href":"https:\/\/www.notibras.com\/site\/wp-json\/wp\/v2\/categories?post=343114"},{"taxonomy":"post_tag","embeddable":true,"href":"https:\/\/www.notibras.com\/site\/wp-json\/wp\/v2\/tags?post=343114"}],"curies":[{"name":"wp","href":"https:\/\/api.w.org\/{rel}","templated":true}]}}