{"id":343124,"date":"2024-12-15T09:13:32","date_gmt":"2024-12-15T12:13:32","guid":{"rendered":"https:\/\/www.notibras.com\/site\/?p=343124"},"modified":"2024-12-15T09:14:33","modified_gmt":"2024-12-15T12:14:33","slug":"juca-o-gato-do-daniel-marchi-com-faro-literario","status":"publish","type":"post","link":"https:\/\/www.notibras.com\/site\/juca-o-gato-do-daniel-marchi-com-faro-literario\/","title":{"rendered":"Juca, o gato do Daniel Marchi com faro liter\u00e1rio"},"content":{"rendered":"<p>Dia desses, estava trocando ideias com o poeta e escritor Daniel Marchi, o Dan, que divide comigo o comando da editoria <em>Caf\u00e9 Liter\u00e1rio<\/em> aqui do <strong>Notibras<\/strong>. A conversa prosseguia tranquila, mesmo sendo por chamada de v\u00eddeo. No entanto, eis que algo inesperado aconteceu, e n\u00e3o pense voc\u00ea que tenha sido problema no sinal da internet. O imbr\u00f3glio era outro, que tem nome e at\u00e9 sobrenome: Juca Marchi.<\/p>\n<p>Para colocar o leitor a par sobre esse tal Juca, aviso logo que n\u00e3o se trata do filho do meu amigo. Quer dizer, n\u00e3o no sentido gen\u00e9tico, j\u00e1 que o dito cujo \u00e9 um gato. Na verdade, como todo ser humano que convive com bichanos, o Dan sabe que ele n\u00e3o \u00e9 o dono do Juca, mas simplesmente seu escravo. Isso, ali\u00e1s, parece ser sina de escritores.<\/p>\n<p>Pera\u00ed! N\u00e3o tenho gatos, mas cachorras: a Bebel e a Clarinha. Ser\u00e1, ent\u00e3o, que, para alcan\u00e7ar o nirvana da literatura, preciso arrumar um felino? Deixemos essa d\u00favida para outra ocasi\u00e3o, mesmo porque o que se passou me parece ser muito mais digno de nota e, talvez, do seu agrado.<\/p>\n<p>\u2014 Edu, olha que coisa interessante.<\/p>\n<p>\u2014 O qu\u00ea?<\/p>\n<p>\u2014 Para poupar tempo, peguei o metr\u00f4 na Cinel\u00e2ndia e fui at\u00e9 o Catete. S\u00f3 que me aconteceu uma coisa.<\/p>\n<p>\u2014 O qu\u00ea?<\/p>\n<p>\u2014 Esqueci meu celular no escrit\u00f3rio.<\/p>\n<p>\u2014 Hum&#8230;<\/p>\n<p>\u2014 Mas o pior ainda estava por vir.<\/p>\n<p>\u2014 O qu\u00ea?<\/p>\n<p>\u2014 Ideias come\u00e7aram a pulular minha mente.<\/p>\n<p>\u2014 Para contos e cr\u00f4nicas?<\/p>\n<p>\u2014 Sim, e tamb\u00e9m para poemas.<\/p>\n<p>\u2014 Hum&#8230;<\/p>\n<p>\u2014 O problema \u00e9 que sempre anoto tudo no celular,<\/p>\n<p>\u2014 Hum&#8230;<\/p>\n<p>\u2014 Por sorte, sempre carrego um bloquinho no palet\u00f3.<\/p>\n<p>\u2014 Hum&#8230;<\/p>\n<p>\u2014 Anotei todas as ideias para n\u00e3o esquecer.<\/p>\n<p>\u2014 Que bom!<\/p>\n<p>\u2014 Vou ler o que escrevi. Minuto.<\/p>\n<p>Enquanto o Dan se afastou do computador, comecei a me distrair com a Bebel e a Clarinha, minhas buldogues, at\u00e9 que ou\u00e7o um lamento em voz humana. Voltei os olhos para a tela e pude ver o meu amigo diante do Juca. Apertei os olhos para enxergar melhor e constatei que o felino estava com m\u00edseros peda\u00e7os de papel ao seu redor.<\/p>\n<p>Sem ter muito o que fazer a n\u00e3o ser juntar todos aqueles pedacinhos de folha, o meu amigo retornou para frente do computador. Ele parecia resignado e at\u00e9 esbo\u00e7ava certo al\u00edvio. Isso, ali\u00e1s, me deixou intrigado.<\/p>\n<p>\u2014 Caramba, Dan, dessa vez o Juca pegou pesado.<\/p>\n<p>\u2014 Que nada, Edu! O Juca sabe o que faz, pois nasceu com excelente tino liter\u00e1rio.<\/p>\n<p>&#8230;&#8230;&#8230;&#8230;&#8230;&#8230;&#8230;&#8230;&#8230;&#8230;&#8230;<\/p>\n<div>*<strong>Eduardo Mart\u00ednez \u00e9 autor do livro \u201c57 Contos e Cr\u00f4nicas por um Autor muito Velho\u201d.<\/strong><\/div>\n<div>\n<div class=\"mvp-post-soc-in\">\n<div id=\"mvp-content-body\" class=\"left relative\">\n<div id=\"mvp-content-body-top\" class=\"left relative\">\n<div id=\"mvp-content-main\" class=\"left relative\">\n<p>Compre aqui\u00a0<span class=\"x19la9d6 x1fc57z9 x6ikm8r x10wlt62 x19co3pv x1g5zs5t xfibh0p xiy17q3 x1xsqp64 x1lkfr7t xexx8yu x4uap5 x18d9i69 xkhd6sd\"><span class=\"xrtxmta x1bhl96m\"><img decoding=\"async\" class=\"emoji\" role=\"img\" draggable=\"false\" src=\"https:\/\/s.w.org\/images\/core\/emoji\/14.0.0\/svg\/1f447-1f3ff.svg\" alt=\"&#x1f447;&#x1f3ff;\" \/><\/span><\/span><span class=\"x19la9d6 x1fc57z9 x6ikm8r x10wlt62 x19co3pv x1g5zs5t xfibh0p xiy17q3 x1xsqp64 x1lkfr7t xexx8yu x4uap5 x18d9i69 xkhd6sd\"><span class=\"xrtxmta x1bhl96m\"><img decoding=\"async\" class=\"emoji\" role=\"img\" draggable=\"false\" src=\"https:\/\/s.w.org\/images\/core\/emoji\/14.0.0\/svg\/1f447-1f3ff.svg\" alt=\"&#x1f447;&#x1f3ff;\" \/><\/span><\/span><span class=\"x19la9d6 x1fc57z9 x6ikm8r x10wlt62 x19co3pv x1g5zs5t xfibh0p xiy17q3 x1xsqp64 x1lkfr7t xexx8yu x4uap5 x18d9i69 xkhd6sd\"><span class=\"xrtxmta x1bhl96m\"><img decoding=\"async\" class=\"emoji\" role=\"img\" draggable=\"false\" src=\"https:\/\/s.w.org\/images\/core\/emoji\/14.0.0\/svg\/1f447-1f3ff.svg\" alt=\"&#x1f447;&#x1f3ff;\" \/><\/span><\/span><\/p>\n<p><a href=\"http:\/\/www.joanineditora.com.br\/57-contos-e-cronicas-por-um-autor-muito-velho\">http:\/\/www.joanineditora.com.br\/57-contos-e-cronicas-por-um-autor-muito-velho<\/a><\/p>\n<\/div>\n<\/div>\n<\/div>\n<\/div>\n<\/div>\n","protected":false},"excerpt":{"rendered":"<p>Dia desses, estava trocando ideias com o poeta e escritor Daniel Marchi, o Dan, que divide comigo o comando da editoria Caf\u00e9 Liter\u00e1rio aqui do Notibras. A conversa prosseguia tranquila, mesmo sendo por chamada de v\u00eddeo. No entanto, eis que algo inesperado aconteceu, e n\u00e3o pense voc\u00ea que tenha sido problema no sinal da internet. [&hellip;]<\/p>\n","protected":false},"author":2,"featured_media":343125,"comment_status":"closed","ping_status":"closed","sticky":false,"template":"","format":"standard","meta":{"_acf_changed":false,"footnotes":""},"categories":[161],"tags":[],"class_list":["post-343124","post","type-post","status-publish","format-standard","has-post-thumbnail","hentry","category-quadradinho-em-foco"],"acf":[],"_links":{"self":[{"href":"https:\/\/www.notibras.com\/site\/wp-json\/wp\/v2\/posts\/343124","targetHints":{"allow":["GET"]}}],"collection":[{"href":"https:\/\/www.notibras.com\/site\/wp-json\/wp\/v2\/posts"}],"about":[{"href":"https:\/\/www.notibras.com\/site\/wp-json\/wp\/v2\/types\/post"}],"author":[{"embeddable":true,"href":"https:\/\/www.notibras.com\/site\/wp-json\/wp\/v2\/users\/2"}],"replies":[{"embeddable":true,"href":"https:\/\/www.notibras.com\/site\/wp-json\/wp\/v2\/comments?post=343124"}],"version-history":[{"count":2,"href":"https:\/\/www.notibras.com\/site\/wp-json\/wp\/v2\/posts\/343124\/revisions"}],"predecessor-version":[{"id":343127,"href":"https:\/\/www.notibras.com\/site\/wp-json\/wp\/v2\/posts\/343124\/revisions\/343127"}],"wp:featuredmedia":[{"embeddable":true,"href":"https:\/\/www.notibras.com\/site\/wp-json\/wp\/v2\/media\/343125"}],"wp:attachment":[{"href":"https:\/\/www.notibras.com\/site\/wp-json\/wp\/v2\/media?parent=343124"}],"wp:term":[{"taxonomy":"category","embeddable":true,"href":"https:\/\/www.notibras.com\/site\/wp-json\/wp\/v2\/categories?post=343124"},{"taxonomy":"post_tag","embeddable":true,"href":"https:\/\/www.notibras.com\/site\/wp-json\/wp\/v2\/tags?post=343124"}],"curies":[{"name":"wp","href":"https:\/\/api.w.org\/{rel}","templated":true}]}}