{"id":343170,"date":"2024-12-16T00:01:29","date_gmt":"2024-12-16T03:01:29","guid":{"rendered":"https:\/\/www.notibras.com\/site\/?p=343170"},"modified":"2024-12-16T07:26:56","modified_gmt":"2024-12-16T10:26:56","slug":"comunicadores-indigenas-expoem-no-museu-nacional-da-republica","status":"publish","type":"post","link":"https:\/\/www.notibras.com\/site\/comunicadores-indigenas-expoem-no-museu-nacional-da-republica\/","title":{"rendered":"Comunicadores ind\u00edgenas exp\u00f5em no Museu Nacional da Rep\u00fablica"},"content":{"rendered":"<p>\u201cMuitas vezes a gente est\u00e1 sendo retratado por n\u00e3o ind\u00edgenas. A nossa hist\u00f3ria est\u00e1 sendo contada de outra forma. Hoje, a gente mostra as nossas culturas, a nossa hist\u00f3ria, com os olhares dos comunicadores ind\u00edgenas.\u201d<\/p>\n<p>Com essas palavras, a cineasta e curadora ind\u00edgena Kujaes\u00e3ge Kaiabi apresenta a exposi\u00e7\u00e3o Os Olhos do Xingu, que conta 20 fotografias e v\u00eddeos de 8 artistas membros da Rede de Comunicadores Xingu+, que vivem em territ\u00f3rio ind\u00edgena do Xingu, mostrando a perspectiva dos povos origin\u00e1rios sobre seu relacionamento com o meio ambiente.<\/p>\n<p>\u201cTodos agora est\u00e3o sabendo que o nosso corpo est\u00e1 sendo contaminado pela planta\u00e7\u00e3o de soja, porque assim que a chuva cai, ela traz o veneno at\u00e9 o rio, onde a gente bebe a \u00e1gua, onde os peixes que a gente consome est\u00e3o sendo contaminados por esse veneno. Os bichos que a gente come, o nosso alimento vem da natureza, e a foto tem o poder de mostrar aquilo que est\u00e1 acontecendo.\u201d<\/p>\n<p>A exposi\u00e7\u00e3o \u00e9 uma realiza\u00e7\u00e3o da Rede Xingu, da Uni\u00e3o Europeia e do Instituto Socioambiental (ISA), com apoio da Funda\u00e7\u00e3o Rainforest da Noruega &#8211; institui\u00e7\u00e3o de preserva\u00e7\u00e3o ambiental. Atendendo a um convite da institui\u00e7\u00e3o, a mostra Olhos do Xingu passou primeiro pela Noruega, antes de chegar ao Brasil. A cineasta explica que j\u00e1 tinha vontade de trazer a exposi\u00e7\u00e3o para o Museu Nacional da Rep\u00fablica, considerando o seu alcance.<\/p>\n<p>\u201cBras\u00edlia tem um espa\u00e7o muito importante que pode trazer essa reflex\u00e3o para o mundo. Ali (no museu) passam v\u00e1rias pessoas de v\u00e1rias regi\u00f5es, de v\u00e1rios pa\u00edses. Ent\u00e3o, a gente trouxe essa exposi\u00e7\u00e3o com o olhar do comunicador ind\u00edgena, dos fot\u00f3grafos cineastas ind\u00edgenas.\u201d<\/p>\n<p>A sele\u00e7\u00e3o de fotos apresentadas na mostra tamb\u00e9m inclui registros de mobiliza\u00e7\u00f5es em Bras\u00edlia, como a 3\u00aa Marcha Mulheres Ind\u00edgenas, que ocorreu em setembro de 2023, al\u00e9m de retratos feitos em reuni\u00f5es e em dan\u00e7as e festividades realizadas nos territ\u00f3rios.<\/p>\n<p><strong>Servi\u00e7o:<\/strong><br \/>\nVisita\u00e7\u00e3o: At\u00e9 2 de fevereiro de 2025<br \/>\nLocal: Museu Nacional da Rep\u00fablica<br \/>\nSetor Cultural Sul, Lote 2<br \/>\nEntrada gratuita.<\/p>\n","protected":false},"excerpt":{"rendered":"<p>\u201cMuitas vezes a gente est\u00e1 sendo retratado por n\u00e3o ind\u00edgenas. A nossa hist\u00f3ria est\u00e1 sendo contada de outra forma. Hoje, a gente mostra as nossas culturas, a nossa hist\u00f3ria, com os olhares dos comunicadores ind\u00edgenas.\u201d Com essas palavras, a cineasta e curadora ind\u00edgena Kujaes\u00e3ge Kaiabi apresenta a exposi\u00e7\u00e3o Os Olhos do Xingu, que conta 20 [&hellip;]<\/p>\n","protected":false},"author":2,"featured_media":343171,"comment_status":"closed","ping_status":"closed","sticky":false,"template":"","format":"standard","meta":{"_acf_changed":false,"footnotes":""},"categories":[161],"tags":[],"class_list":["post-343170","post","type-post","status-publish","format-standard","has-post-thumbnail","hentry","category-quadradinho-em-foco"],"acf":[],"_links":{"self":[{"href":"https:\/\/www.notibras.com\/site\/wp-json\/wp\/v2\/posts\/343170","targetHints":{"allow":["GET"]}}],"collection":[{"href":"https:\/\/www.notibras.com\/site\/wp-json\/wp\/v2\/posts"}],"about":[{"href":"https:\/\/www.notibras.com\/site\/wp-json\/wp\/v2\/types\/post"}],"author":[{"embeddable":true,"href":"https:\/\/www.notibras.com\/site\/wp-json\/wp\/v2\/users\/2"}],"replies":[{"embeddable":true,"href":"https:\/\/www.notibras.com\/site\/wp-json\/wp\/v2\/comments?post=343170"}],"version-history":[{"count":1,"href":"https:\/\/www.notibras.com\/site\/wp-json\/wp\/v2\/posts\/343170\/revisions"}],"predecessor-version":[{"id":343172,"href":"https:\/\/www.notibras.com\/site\/wp-json\/wp\/v2\/posts\/343170\/revisions\/343172"}],"wp:featuredmedia":[{"embeddable":true,"href":"https:\/\/www.notibras.com\/site\/wp-json\/wp\/v2\/media\/343171"}],"wp:attachment":[{"href":"https:\/\/www.notibras.com\/site\/wp-json\/wp\/v2\/media?parent=343170"}],"wp:term":[{"taxonomy":"category","embeddable":true,"href":"https:\/\/www.notibras.com\/site\/wp-json\/wp\/v2\/categories?post=343170"},{"taxonomy":"post_tag","embeddable":true,"href":"https:\/\/www.notibras.com\/site\/wp-json\/wp\/v2\/tags?post=343170"}],"curies":[{"name":"wp","href":"https:\/\/api.w.org\/{rel}","templated":true}]}}