{"id":343182,"date":"2024-12-16T00:00:59","date_gmt":"2024-12-16T03:00:59","guid":{"rendered":"https:\/\/www.notibras.com\/site\/?p=343182"},"modified":"2024-12-16T07:50:38","modified_gmt":"2024-12-16T10:50:38","slug":"pavimentacao-e-calcadas-recebem-investimentos-de-59-milhoes","status":"publish","type":"post","link":"https:\/\/www.notibras.com\/site\/pavimentacao-e-calcadas-recebem-investimentos-de-59-milhoes\/","title":{"rendered":"Pavimenta\u00e7\u00e3o e cal\u00e7adas recebem investimentos de 59 milh\u00f5es"},"content":{"rendered":"<p>Moradores e comerciantes da Avenida da Miseric\u00f3rdia, em Vicente Pires, experimentam melhorias significativas na acessibilidade, com a implementa\u00e7\u00e3o de novas cal\u00e7adas na regi\u00e3o. Por meio da Secretaria de Obras e Infraestrutura (SODF), o Governo do Distrito Federal (GDF) j\u00e1 executou 800 m\u00b2 de cal\u00e7adas, com 400 m\u00b2 de cada lado da via. A previs\u00e3o \u00e9 que, ao final das obras, o total de cal\u00e7adas na avenida alcance 20.000 m\u00b2.<\/p>\n<p>A pavimenta\u00e7\u00e3o faz parte das etapas das obras de drenagem e est\u00e1 integrada ao contrato de infraestrutura do Lote 2, com um investimento total de R$ 58,8 milh\u00f5es. \u201cOnde o asfalto foi conclu\u00eddo, iniciamos o cal\u00e7amento e, em di\u00e1logo com a comunidade, decidimos alargar a via e construir cal\u00e7adas mais amplas\u201d, detalha o administrador regional de Vicente Pires, Gilvando Galdino.<\/p>\n<p>Ele tamb\u00e9m ressalta que, mesmo durante a \u00e9poca de chuvas, os trabalhos n\u00e3o param: \u201cIndependentemente das condi\u00e7\u00f5es clim\u00e1ticas, n\u00e3o podemos deixar os moradores sem apoio. \u00c9 fundamental que todos fiquem satisfeitos, com o governo cumprindo o que foi planejado e garantindo o bem-estar da popula\u00e7\u00e3o\u201d.<\/p>\n<p>Segundo Alex Sidney, chefe da subsecretaria de Acompanhamento e Fiscaliza\u00e7\u00e3o (Suaf) e da Unidade Especial de Execu\u00e7\u00e3o de Obras (Uneobras), da SODF, a pavimenta\u00e7\u00e3o definitiva de algumas \u00e1reas ser\u00e1 na pr\u00f3xima estiagem. \u201cOs servi\u00e7os s\u00e3o realizados conforme as necessidades de cada local. Em algumas \u00e1reas, conseguimos fazer apenas a drenagem, por exemplo, adotando solu\u00e7\u00f5es paliativas at\u00e9 que as obras definitivas possam ser viabilizadas, ap\u00f3s o ciclo chuvoso\u201d, explica.<\/p>\n<p>A empresa terceirizada contratada tamb\u00e9m oferece suporte em servi\u00e7os de emerg\u00eancia e se responsabiliza por uma garantia de cinco anos, cobrindo eventuais problemas como buracos e falhas na rede de drenagem.<\/p>\n<p><strong>Mudan\u00e7a de cen\u00e1rio<\/strong><br \/>\nOs desn\u00edveis de cal\u00e7ada, falta de estacionamento e pavimenta\u00e7\u00e3o de m\u00e1 qualidade desde que Maria Gilmaria Sousa, 49, chegou \u00e0 Avenida da Miseric\u00f3rdia, em Vicente Pires, h\u00e1 30 anos, foram substitu\u00eddos por uma via moderna e padronizada. \u201cCom a nova estrutura, ficou muito mais f\u00e1cil e seguro para os pedestres se deslocarem\u201d, observa, ressaltando a melhoria na acessibilidade.<\/p>\n<p>Para a comerciante, dona de uma loja de utens\u00edlios localizada abaixo de sua resid\u00eancia, a expectativa \u00e9 que as novas cal\u00e7adas atraiam mais clientes. \u201cAntes, as pessoas tinham que caminhar pela rua ou n\u00e3o tinham onde estacionar. Agora, a expectativa \u00e9 que, com a melhoria na infraestrutura, mais consumidores visitem a loja\u201d, afirma.<\/p>\n<p>Sentimento semelhante tem o lojista Rodrigo Jonas da Silva, 48, que vive em Vicente Pires desde 1999. A quest\u00e3o da acessibilidade sempre foi uma preocupa\u00e7\u00e3o para ele. \u201cAntes da obra, os pedestres andavam junto aos carros, o que tornava o ambiente muito inseguro. Sempre aguardamos por essa melhoria, e agora finalmente est\u00e1 se concretizando. Hoje, a situa\u00e7\u00e3o est\u00e1 muito melhor\u201d, avalia.<\/p>\n<p>Rodrigo tamb\u00e9m acredita que a nova infraestrutura levar\u00e1 mais comerciantes para a regi\u00e3o, o que ir\u00e1 enriquecer a oferta de produtos e servi\u00e7os para os moradores. \u201cEm uma rua bem organizada, a tend\u00eancia \u00e9 que novos clientes cheguem, al\u00e9m de atrair mais op\u00e7\u00f5es comerciais. Isso valoriza ainda mais a regi\u00e3o\u201d, aponta. Al\u00e9m disso, com o novo asfaltamento, Rodrigo planeja voltar a se deslocar a p\u00e9 para o trabalho: \u201cCom a infraestrutura melhorada, pretendo ir de casa para o trabalho a p\u00e9 nos pr\u00f3ximos anos\u201d.<\/p>\n","protected":false},"excerpt":{"rendered":"<p>Moradores e comerciantes da Avenida da Miseric\u00f3rdia, em Vicente Pires, experimentam melhorias significativas na acessibilidade, com a implementa\u00e7\u00e3o de novas cal\u00e7adas na regi\u00e3o. Por meio da Secretaria de Obras e Infraestrutura (SODF), o Governo do Distrito Federal (GDF) j\u00e1 executou 800 m\u00b2 de cal\u00e7adas, com 400 m\u00b2 de cada lado da via. A previs\u00e3o \u00e9 [&hellip;]<\/p>\n","protected":false},"author":2,"featured_media":343183,"comment_status":"closed","ping_status":"closed","sticky":false,"template":"","format":"standard","meta":{"_acf_changed":false,"footnotes":""},"categories":[161],"tags":[],"class_list":["post-343182","post","type-post","status-publish","format-standard","has-post-thumbnail","hentry","category-quadradinho-em-foco"],"acf":[],"_links":{"self":[{"href":"https:\/\/www.notibras.com\/site\/wp-json\/wp\/v2\/posts\/343182","targetHints":{"allow":["GET"]}}],"collection":[{"href":"https:\/\/www.notibras.com\/site\/wp-json\/wp\/v2\/posts"}],"about":[{"href":"https:\/\/www.notibras.com\/site\/wp-json\/wp\/v2\/types\/post"}],"author":[{"embeddable":true,"href":"https:\/\/www.notibras.com\/site\/wp-json\/wp\/v2\/users\/2"}],"replies":[{"embeddable":true,"href":"https:\/\/www.notibras.com\/site\/wp-json\/wp\/v2\/comments?post=343182"}],"version-history":[{"count":1,"href":"https:\/\/www.notibras.com\/site\/wp-json\/wp\/v2\/posts\/343182\/revisions"}],"predecessor-version":[{"id":343184,"href":"https:\/\/www.notibras.com\/site\/wp-json\/wp\/v2\/posts\/343182\/revisions\/343184"}],"wp:featuredmedia":[{"embeddable":true,"href":"https:\/\/www.notibras.com\/site\/wp-json\/wp\/v2\/media\/343183"}],"wp:attachment":[{"href":"https:\/\/www.notibras.com\/site\/wp-json\/wp\/v2\/media?parent=343182"}],"wp:term":[{"taxonomy":"category","embeddable":true,"href":"https:\/\/www.notibras.com\/site\/wp-json\/wp\/v2\/categories?post=343182"},{"taxonomy":"post_tag","embeddable":true,"href":"https:\/\/www.notibras.com\/site\/wp-json\/wp\/v2\/tags?post=343182"}],"curies":[{"name":"wp","href":"https:\/\/api.w.org\/{rel}","templated":true}]}}