{"id":343209,"date":"2024-12-17T05:52:19","date_gmt":"2024-12-17T08:52:19","guid":{"rendered":"https:\/\/www.notibras.com\/site\/?p=343209"},"modified":"2024-12-17T05:52:19","modified_gmt":"2024-12-17T08:52:19","slug":"agricultura-familiar-tem-aporte-financeiro-para-ganhar-produtividade","status":"publish","type":"post","link":"https:\/\/www.notibras.com\/site\/agricultura-familiar-tem-aporte-financeiro-para-ganhar-produtividade\/","title":{"rendered":"Agricultura familiar tem aporte financeiro para ganhar produtividade"},"content":{"rendered":"<p>Respons\u00e1vel pela produ\u00e7\u00e3o de 70% dos alimentos que chegam \u00e0 mesa dos pernambucanos, a agricultura familiar ganhou esta semana dois projetos que v\u00e3o beneficiar milhares de pequenos agricultores de todas as regi\u00f5es de Pernambuco.<\/p>\n<p>Esses projetos somam um investimento de R$ 25 milh\u00f5es, sendo R$ 18 milh\u00f5es para a ara\u00e7\u00e3o de terras com a ajuda de tratores nas propriedades de micro-produtores rurais e outros R$ 7 milh\u00f5es para aquisi\u00e7\u00e3o de sementes, que v\u00e3o aumentar a produtividade do setor.<\/p>\n<p>Ao anunciar esse aporte financeiro para a atividade de 232 mil fam\u00edlias no estado, durante a solenidade de abertura da I Feira de Neg\u00f3cios da Agricultura Familiar (FENEAF), a governadora Raquel Lyra (PSDB) justificou os investimentos em fun\u00e7\u00e3o do crescimento do setor e da sua import\u00e2ncia para a economia pernambucana:<\/p>\n<p>\u201cA nossa economia, nos \u00faltimos tr\u00eas meses, cresceu 4,9%. Isso \u00e9 muito mais do que o crescimento de Pernambuco ao longo dos \u00faltimos anos. Sabe quem puxou esse crescimento? A agropecu\u00e1ria. E a agricultura familiar faz parte disso\u201d, disse.<\/p>\n<p>No estado, a agricultura familiar tem elevada participa\u00e7\u00e3o na produ\u00e7\u00e3o de leite e crescente na de ovos, assim como boa express\u00e3o na produ\u00e7\u00e3o caprina. Nas culturas, mantem-se expressiva na produ\u00e7\u00e3o de frutas, verduras, hortali\u00e7as, mandioca, milho, temperos, mel e pescado.<\/p>\n<p>Os dois projetos t\u00eam por objetivo fortalecer a agricultura familiar e ajudar os produtores a melhorarem a produ\u00e7\u00e3o e a escalar seus neg\u00f3cios. O projeto de ara\u00e7\u00e3o das terras, por exemplo, tem o prop\u00f3sito de aliviar um trabalho que muitas vezes \u00e9 feito de forma bra\u00e7al e costuma consumir tempo e recursos dos produtores.<\/p>\n<p>J\u00e1 a distribui\u00e7\u00e3o de sementes dar\u00e1 suporte aos agricultores familiares na pr\u00f3xima safra, aproveitando o per\u00edodo de chuvas no Sert\u00e3o, no Agreste e na Zona da Mata, quando \u00e9 realizado o plantio da maioria das lavouras. Ser\u00e3o distribu\u00eddas 512 toneladas de sementes de gr\u00e3os, como milho, feij\u00e3o e sorgo, para produtores dessas diferentes regi\u00f5es do estado.<\/p>\n<p>\u201cEstamos refor\u00e7ando o programa no tempo certo das chuvas do Sert\u00e3o, que \u00e9 agora. Em fevereiro vamos entregar para o Agreste e para a Zona da Mata de Pernambuco para que as pessoas que est\u00e3o aqui possam ter o direito de plantar, de alimentar, cuidar de sua fam\u00edlia, a partir do apoio do Governo de Pernambuco e do trabalho de sol a sol\u201d, reiterou a governadora.<\/p>\n<p>A Feira de Neg\u00f3cios da Agricultura Familiar encerrada no domingo foi realizada na sede do Instituto Agron\u00f4mico de Pernambuco, que coordena as pol\u00edticas para o setor. Sua presidente, Ellen Vi\u00e9gas, destacou que os dois projetos refletem o compromisso do governo de Pernambuco de fomentar os neg\u00f3cios gerados pela agricultura familiar no estado, estimulando novas fontes de renda para pessoas envolvidas na pequena produ\u00e7\u00e3o rural.<\/p>\n<p>A agricultura familiar em Pernambuco \u00e9 importante para a economia do estado e para a seguran\u00e7a alimentar da popula\u00e7\u00e3o. Em 2023, o Programa de Aquisi\u00e7\u00e3o de Alimentos (PAA) da Conab comprou 4.107 toneladas de alimentos de 1.257 agricultores familiares, beneficiando cerca de 230 mil pessoas.<\/p>\n<p>O Pronaf investiu R$ 1,25 bilh\u00e3o na agricultura familiar em Pernambuco, o que representa um aumento de 63,11% em rela\u00e7\u00e3o \u00e0 safra 2022\/2023. O n\u00famero de opera\u00e7\u00f5es de cr\u00e9dito do Pronaf em Pernambuco cresceu 18,48% entre julho de 2023 e junho de 2024.<\/p>\n<p>A agricultura familiar abastece mais de 70% da popula\u00e7\u00e3o de Pernambuco. A pecu\u00e1ria familiar, por sua vez, tem apresentado crescimento superior ao ocorrido no Nordeste e no Brasil.<\/p>\n","protected":false},"excerpt":{"rendered":"<p>Respons\u00e1vel pela produ\u00e7\u00e3o de 70% dos alimentos que chegam \u00e0 mesa dos pernambucanos, a agricultura familiar ganhou esta semana dois projetos que v\u00e3o beneficiar milhares de pequenos agricultores de todas as regi\u00f5es de Pernambuco. Esses projetos somam um investimento de R$ 25 milh\u00f5es, sendo R$ 18 milh\u00f5es para a ara\u00e7\u00e3o de terras com a ajuda [&hellip;]<\/p>\n","protected":false},"author":2,"featured_media":343210,"comment_status":"closed","ping_status":"closed","sticky":false,"template":"","format":"standard","meta":{"_acf_changed":false,"footnotes":""},"categories":[165],"tags":[],"class_list":["post-343209","post","type-post","status-publish","format-standard","has-post-thumbnail","hentry","category-nordeste"],"acf":[],"_links":{"self":[{"href":"https:\/\/www.notibras.com\/site\/wp-json\/wp\/v2\/posts\/343209","targetHints":{"allow":["GET"]}}],"collection":[{"href":"https:\/\/www.notibras.com\/site\/wp-json\/wp\/v2\/posts"}],"about":[{"href":"https:\/\/www.notibras.com\/site\/wp-json\/wp\/v2\/types\/post"}],"author":[{"embeddable":true,"href":"https:\/\/www.notibras.com\/site\/wp-json\/wp\/v2\/users\/2"}],"replies":[{"embeddable":true,"href":"https:\/\/www.notibras.com\/site\/wp-json\/wp\/v2\/comments?post=343209"}],"version-history":[{"count":1,"href":"https:\/\/www.notibras.com\/site\/wp-json\/wp\/v2\/posts\/343209\/revisions"}],"predecessor-version":[{"id":343211,"href":"https:\/\/www.notibras.com\/site\/wp-json\/wp\/v2\/posts\/343209\/revisions\/343211"}],"wp:featuredmedia":[{"embeddable":true,"href":"https:\/\/www.notibras.com\/site\/wp-json\/wp\/v2\/media\/343210"}],"wp:attachment":[{"href":"https:\/\/www.notibras.com\/site\/wp-json\/wp\/v2\/media?parent=343209"}],"wp:term":[{"taxonomy":"category","embeddable":true,"href":"https:\/\/www.notibras.com\/site\/wp-json\/wp\/v2\/categories?post=343209"},{"taxonomy":"post_tag","embeddable":true,"href":"https:\/\/www.notibras.com\/site\/wp-json\/wp\/v2\/tags?post=343209"}],"curies":[{"name":"wp","href":"https:\/\/api.w.org\/{rel}","templated":true}]}}