{"id":343243,"date":"2024-12-17T08:26:49","date_gmt":"2024-12-17T11:26:49","guid":{"rendered":"https:\/\/www.notibras.com\/site\/?p=343243"},"modified":"2024-12-17T08:26:49","modified_gmt":"2024-12-17T11:26:49","slug":"mendonca-um-idolo-em-preto-e-branco-que-deu-cores-nitidas-ao-futebol","status":"publish","type":"post","link":"https:\/\/www.notibras.com\/site\/mendonca-um-idolo-em-preto-e-branco-que-deu-cores-nitidas-ao-futebol\/","title":{"rendered":"Mendon\u00e7a, um \u00eddolo em preto e branco que deu cores n\u00edtidas ao futebol"},"content":{"rendered":"<p>O Botafogo anda em alta, como \u00e9 facilmente constatado pelas recentes conquistas da Copa Libertadores da Am\u00e9rica e do Campeonato Brasileiro. Todavia, nem sempre foi assim, especialmente durante a longa e tenebrosa fila de 21 anos, quando o time, aos trancos e barrancos, tentava sobreviver. Nessa \u00e9poca, destacava-se a figura de um camisa 8 franzino e de cabeleira vistosa. Seu nome? Mendon\u00e7a, uma verdadeira Estrela Solit\u00e1ria.<\/p>\n<p>Meia-direita, mas jogando como um verdadeiro 10, o lend\u00e1rio craque marcava gols salvadores nos minutos finais de partidas sofr\u00edveis, quando o time era massacrado por ataques advers\u00e1rios. Obviamente que n\u00e3o era sempre que aquele her\u00f3i improv\u00e1vel conseguia impedir que o Glorioso perdesse, mas, mesmo assim, ele caiu nas gra\u00e7as da torcida, haja vista tamanha dedica\u00e7\u00e3o e amor ao clube. Tanto \u00e9 que, durante uma entrevista, ele disse para quem quisesse ouvir: &#8220;N\u00e3o sou um jogador do Botafogo. Sou um torcedor do Botafogo!&#8221;<\/p>\n<p>O momento mais lembrado desse g\u00eanio dos gramados, provavelmente, \u00e9 o terceiro e derradeiro gol na partida contra o Flamengo em 1981, quando o Botafogo venceu por 3 a 1. Mendon\u00e7a, do lado esquerdo, recebeu um longo lan\u00e7amento do lado oposto. Matou no peito, deu um drible desconcertante sobre o grande J\u00fanior e, em seguida, chutou no canto sem chance para Raul. Essa belezura de gol recebeu a alcunha de Baila Comigo, ent\u00e3o sucesso da tamb\u00e9m saudosa Rita Lee.<\/p>\n<p>Apesar da incr\u00edvel passagem pelo alvinegro, isso n\u00e3o foi capaz de impedir que o Mendon\u00e7a tenha sido quase expulso do time, pois ele n\u00e3o conseguiu acabar com longos anos sem t\u00edtulo. Esse lament\u00e1vel epis\u00f3dio, no entanto, n\u00e3o apagou a mem\u00f3ria dos torcedores. Tanto \u00e9 que o Mendon\u00e7a, ainda hoje, figura entre os mais reverenciados \u00eddolos da hist\u00f3ria do Botafogo. Um \u00eddolo sem t\u00edtulos, \u00e9 verdade, mas, nem por isso, sem gl\u00f3rias.<\/p>\n<p>&#8230;&#8230;&#8230;&#8230;&#8230;&#8230;&#8230;&#8230;&#8230;&#8230;&#8230;.<\/p>\n<div>*<strong>Eduardo Mart\u00ednez \u00e9 autor do livro \u201c57 Contos e Cr\u00f4nicas por um Autor muito Velho\u201d.<\/strong><\/div>\n<div>\n<div class=\"mvp-post-soc-in\">\n<div id=\"mvp-content-body\" class=\"left relative\">\n<div id=\"mvp-content-body-top\" class=\"left relative\">\n<div id=\"mvp-content-main\" class=\"left relative\">\n<p>Compre aqui\u00a0<span class=\"x19la9d6 x1fc57z9 x6ikm8r x10wlt62 x19co3pv x1g5zs5t xfibh0p xiy17q3 x1xsqp64 x1lkfr7t xexx8yu x4uap5 x18d9i69 xkhd6sd\"><span class=\"xrtxmta x1bhl96m\"><img decoding=\"async\" class=\"emoji\" role=\"img\" draggable=\"false\" src=\"https:\/\/s.w.org\/images\/core\/emoji\/14.0.0\/svg\/1f447-1f3ff.svg\" alt=\"&#x1f447;&#x1f3ff;\" \/><\/span><\/span><span class=\"x19la9d6 x1fc57z9 x6ikm8r x10wlt62 x19co3pv x1g5zs5t xfibh0p xiy17q3 x1xsqp64 x1lkfr7t xexx8yu x4uap5 x18d9i69 xkhd6sd\"><span class=\"xrtxmta x1bhl96m\"><img decoding=\"async\" class=\"emoji\" role=\"img\" draggable=\"false\" src=\"https:\/\/s.w.org\/images\/core\/emoji\/14.0.0\/svg\/1f447-1f3ff.svg\" alt=\"&#x1f447;&#x1f3ff;\" \/><\/span><\/span><span class=\"x19la9d6 x1fc57z9 x6ikm8r x10wlt62 x19co3pv x1g5zs5t xfibh0p xiy17q3 x1xsqp64 x1lkfr7t xexx8yu x4uap5 x18d9i69 xkhd6sd\"><span class=\"xrtxmta x1bhl96m\"><img decoding=\"async\" class=\"emoji\" role=\"img\" draggable=\"false\" src=\"https:\/\/s.w.org\/images\/core\/emoji\/14.0.0\/svg\/1f447-1f3ff.svg\" alt=\"&#x1f447;&#x1f3ff;\" \/><\/span><\/span><\/p>\n<p><a href=\"http:\/\/www.joanineditora.com.br\/57-contos-e-cronicas-por-um-autor-muito-velho\">http:\/\/www.joanineditora.com.br\/57-contos-e-cronicas-por-um-autor-muito-velho<\/a><\/p>\n<\/div>\n<\/div>\n<\/div>\n<\/div>\n<\/div>\n","protected":false},"excerpt":{"rendered":"<p>O Botafogo anda em alta, como \u00e9 facilmente constatado pelas recentes conquistas da Copa Libertadores da Am\u00e9rica e do Campeonato Brasileiro. Todavia, nem sempre foi assim, especialmente durante a longa e tenebrosa fila de 21 anos, quando o time, aos trancos e barrancos, tentava sobreviver. Nessa \u00e9poca, destacava-se a figura de um camisa 8 franzino [&hellip;]<\/p>\n","protected":false},"author":2,"featured_media":343245,"comment_status":"closed","ping_status":"closed","sticky":false,"template":"","format":"standard","meta":{"_acf_changed":false,"footnotes":""},"categories":[161],"tags":[],"class_list":["post-343243","post","type-post","status-publish","format-standard","has-post-thumbnail","hentry","category-quadradinho-em-foco"],"acf":[],"_links":{"self":[{"href":"https:\/\/www.notibras.com\/site\/wp-json\/wp\/v2\/posts\/343243","targetHints":{"allow":["GET"]}}],"collection":[{"href":"https:\/\/www.notibras.com\/site\/wp-json\/wp\/v2\/posts"}],"about":[{"href":"https:\/\/www.notibras.com\/site\/wp-json\/wp\/v2\/types\/post"}],"author":[{"embeddable":true,"href":"https:\/\/www.notibras.com\/site\/wp-json\/wp\/v2\/users\/2"}],"replies":[{"embeddable":true,"href":"https:\/\/www.notibras.com\/site\/wp-json\/wp\/v2\/comments?post=343243"}],"version-history":[{"count":1,"href":"https:\/\/www.notibras.com\/site\/wp-json\/wp\/v2\/posts\/343243\/revisions"}],"predecessor-version":[{"id":343246,"href":"https:\/\/www.notibras.com\/site\/wp-json\/wp\/v2\/posts\/343243\/revisions\/343246"}],"wp:featuredmedia":[{"embeddable":true,"href":"https:\/\/www.notibras.com\/site\/wp-json\/wp\/v2\/media\/343245"}],"wp:attachment":[{"href":"https:\/\/www.notibras.com\/site\/wp-json\/wp\/v2\/media?parent=343243"}],"wp:term":[{"taxonomy":"category","embeddable":true,"href":"https:\/\/www.notibras.com\/site\/wp-json\/wp\/v2\/categories?post=343243"},{"taxonomy":"post_tag","embeddable":true,"href":"https:\/\/www.notibras.com\/site\/wp-json\/wp\/v2\/tags?post=343243"}],"curies":[{"name":"wp","href":"https:\/\/api.w.org\/{rel}","templated":true}]}}