{"id":343247,"date":"2024-12-17T00:00:06","date_gmt":"2024-12-17T03:00:06","guid":{"rendered":"https:\/\/www.notibras.com\/site\/?p=343247"},"modified":"2024-12-17T08:36:41","modified_gmt":"2024-12-17T11:36:41","slug":"brasilia-ambiental-destaca-investimentos-na-brigada-florestal-em-2024","status":"publish","type":"post","link":"https:\/\/www.notibras.com\/site\/brasilia-ambiental-destaca-investimentos-na-brigada-florestal-em-2024\/","title":{"rendered":"Bras\u00edlia Ambiental destaca investimentos na brigada florestal em 2024"},"content":{"rendered":"<p>O ano de 2024 foi cheio de desafios e conquistas para o Instituto Bras\u00edlia Ambiental. \u201cA dedica\u00e7\u00e3o dos servidores foi fundamental para que o instituto cumprisse sua miss\u00e3o de preservar o Cerrado e proteger o meio ambiente do Distrito Federal, promovendo avan\u00e7os em diversas \u00e1reas\u201d, avalia o presidente do \u00f3rg\u00e3o, Roney Nemer.<\/p>\n<p>Um dos marcos de 2024 foi a aprova\u00e7\u00e3o da Gratifica\u00e7\u00e3o de Execu\u00e7\u00e3o de Pol\u00edticas Ambientais (Gepa), que reconheceu o empenho dos servidores do instituto.<\/p>\n<p>A Superintend\u00eancia de Administra\u00e7\u00e3o Geral (Suag) conseguiu, num esfor\u00e7o conjunto, contratar colaboradores terceirizados para apoio nos servi\u00e7os administrativos e nos parques. Ainda nessa \u00e1rea, houve a mobiliza\u00e7\u00e3o hist\u00f3rica para a contrata\u00e7\u00e3o antecipada da brigada florestal, que garantiu maior efic\u00e1cia nas a\u00e7\u00f5es de combate a inc\u00eandios florestais.<\/p>\n<p><strong>Combate a inc\u00eandios<\/strong><br \/>\nA Superintend\u00eancia de Fiscaliza\u00e7\u00e3o e Monitoramento Ambiental (Sufam) realizou diversas a\u00e7\u00f5es, como a opera\u00e7\u00e3o Sine Ignis, que identificou um sistema de igni\u00e7\u00e3o ilegal no Parque Nacional de Bras\u00edlia e combateu focos iniciais de inc\u00eandio no Parque Ecol\u00f3gico Saburo Onoyama (Taguatinga), e vest\u00edgios de preparo para inc\u00eandio no Ezechias Heringer (Guar\u00e1). O 3\u00ba Semin\u00e1rio sobre Fiscaliza\u00e7\u00e3o tamb\u00e9m foi um marco importante.<\/p>\n<p>A Superintend\u00eancia de Unidades de Conserva\u00e7\u00e3o, Biodiversidade e \u00c1guas (Sucon) inaugurou o Hospital e Centro de Reabilita\u00e7\u00e3o de Fauna Silvestre do DF (Hfaus), que j\u00e1 tratou, at\u00e9 o momento, 1.753 animais. A equipe tamb\u00e9m promoveu oficinas para elaborar os planos de manejo dos parques Distrital do Recanto das Emas e Ecol\u00f3gico Riacho Fundo. Os parques Olhos d\u2019\u00c1gua e Areal ganharam sustentabilidade h\u00eddrica com po\u00e7os artesianos. A \u00e1rea foi tamb\u00e9m respons\u00e1vel ainda por enviar o projeto de lei para a extens\u00e3o do contrato dos brigadistas.<\/p>\n<p><strong>Preserva\u00e7\u00e3o ambiental<\/strong><br \/>\nA Superintend\u00eancia de Licenciamento Ambiental (Sulam) concedeu licen\u00e7as em diversas regi\u00f5es do DF, como Acampamento Patr\u00edcia Aparecida (Sol Nascente), Condom\u00ednio Ouro Vermelho (S\u00e3o Sebasti\u00e3o) e \u00c1rea de Desenvolvimento Econ\u00f4mico de Sobradinho. Foi lan\u00e7ada a Licen\u00e7a por Ades\u00e3o e Compromisso (LAC) para empreendimentos com consequ\u00eancias m\u00ednimas sobre o meio ambiente e cujas medidas preventivas e mitigadoras possam ser padronizadas.<\/p>\n<p>Este foi um ano de seca severa no DF. A autarquia trabalhou muito para mitigar os danos dessa situa\u00e7\u00e3o. Ofereceu apoio com brigadistas e liderou a Comiss\u00e3o de Qualidade do Ar, que, entre outras medidas, possibilitou a aquisi\u00e7\u00e3o de mais duas esta\u00e7\u00f5es de monitoramento da qualidade do ar. A colabora\u00e7\u00e3o com unidades de conserva\u00e7\u00e3o (UCs) federais, como a Floresta Nacional e o Parque Nacional, foi essencial para o combate \u00e0s queimadas que devastaram grandes \u00e1reas do DF.<\/p>\n<p>O trabalho desempenhado neste ano mostrou que \u00e9 poss\u00edvel conciliar desenvolvimento com preserva\u00e7\u00e3o ambiental, sem abrir m\u00e3o da sustentabilidade. Com o apoio de seus servidores e da comunidade, o instituto atua em prol de um futuro mais verde e equilibrado para as pr\u00f3ximas gera\u00e7\u00f5es.<\/p>\n","protected":false},"excerpt":{"rendered":"<p>O ano de 2024 foi cheio de desafios e conquistas para o Instituto Bras\u00edlia Ambiental. \u201cA dedica\u00e7\u00e3o dos servidores foi fundamental para que o instituto cumprisse sua miss\u00e3o de preservar o Cerrado e proteger o meio ambiente do Distrito Federal, promovendo avan\u00e7os em diversas \u00e1reas\u201d, avalia o presidente do \u00f3rg\u00e3o, Roney Nemer. Um dos marcos [&hellip;]<\/p>\n","protected":false},"author":2,"featured_media":343248,"comment_status":"closed","ping_status":"closed","sticky":false,"template":"","format":"standard","meta":{"_acf_changed":false,"footnotes":""},"categories":[161],"tags":[],"class_list":["post-343247","post","type-post","status-publish","format-standard","has-post-thumbnail","hentry","category-quadradinho-em-foco"],"acf":[],"_links":{"self":[{"href":"https:\/\/www.notibras.com\/site\/wp-json\/wp\/v2\/posts\/343247","targetHints":{"allow":["GET"]}}],"collection":[{"href":"https:\/\/www.notibras.com\/site\/wp-json\/wp\/v2\/posts"}],"about":[{"href":"https:\/\/www.notibras.com\/site\/wp-json\/wp\/v2\/types\/post"}],"author":[{"embeddable":true,"href":"https:\/\/www.notibras.com\/site\/wp-json\/wp\/v2\/users\/2"}],"replies":[{"embeddable":true,"href":"https:\/\/www.notibras.com\/site\/wp-json\/wp\/v2\/comments?post=343247"}],"version-history":[{"count":1,"href":"https:\/\/www.notibras.com\/site\/wp-json\/wp\/v2\/posts\/343247\/revisions"}],"predecessor-version":[{"id":343249,"href":"https:\/\/www.notibras.com\/site\/wp-json\/wp\/v2\/posts\/343247\/revisions\/343249"}],"wp:featuredmedia":[{"embeddable":true,"href":"https:\/\/www.notibras.com\/site\/wp-json\/wp\/v2\/media\/343248"}],"wp:attachment":[{"href":"https:\/\/www.notibras.com\/site\/wp-json\/wp\/v2\/media?parent=343247"}],"wp:term":[{"taxonomy":"category","embeddable":true,"href":"https:\/\/www.notibras.com\/site\/wp-json\/wp\/v2\/categories?post=343247"},{"taxonomy":"post_tag","embeddable":true,"href":"https:\/\/www.notibras.com\/site\/wp-json\/wp\/v2\/tags?post=343247"}],"curies":[{"name":"wp","href":"https:\/\/api.w.org\/{rel}","templated":true}]}}