{"id":343255,"date":"2024-12-17T00:00:35","date_gmt":"2024-12-17T03:00:35","guid":{"rendered":"https:\/\/www.notibras.com\/site\/?p=343255"},"modified":"2024-12-17T08:54:27","modified_gmt":"2024-12-17T11:54:27","slug":"programa-capacita-240-mulheres-em-situacao-de-vulnerabilidade-social","status":"publish","type":"post","link":"https:\/\/www.notibras.com\/site\/programa-capacita-240-mulheres-em-situacao-de-vulnerabilidade-social\/","title":{"rendered":"Programa capacita 240 mulheres em situa\u00e7\u00e3o de vulnerabilidade social"},"content":{"rendered":"<p>A Secretaria da Mulher, em parceria com a Secretaria de Educa\u00e7\u00e3o, o Minist\u00e9rio da Educa\u00e7\u00e3o e o Programa Nacional de Acesso ao Ensino T\u00e9cnico e Emprego (Pronatec), entregou, na tarde desta segunda-feira (16), certificados para 240 alunas do Programa Mulheres Mil do DF. A formatura ocorreu no audit\u00f3rio da Eape na 907 sul e contou com a presen\u00e7a da vice-governadora Celina Le\u00e3o, da secret\u00e1ria da Mulher, Giselle Ferreira, da secret\u00e1ria de Educa\u00e7\u00e3o, H\u00e9lvia Paranagu\u00e1, e do gerente de Projeto da Secretaria de Educa\u00e7\u00e3o Profissional e Tecnol\u00f3gica (Setec\/MEC), Marcos Lael Oliveira Alexandre.<\/p>\n<p>O programa visa ativamente contribuir para a consecu\u00e7\u00e3o da igualdade social, econ\u00f4mica, racial, \u00e9tnica e de g\u00eanero, focando em mulheres em situa\u00e7\u00e3o de vulnerabilidade social. Dedicado integralmente \u00e0 promo\u00e7\u00e3o do empoderamento feminino, o programa busca fortalecer n\u00e3o apenas a autonomia financeira, mas tamb\u00e9m a inclus\u00e3o social dessas mulheres.<\/p>\n<p>Em 2024, por meio do programa Mulheres Mil foram oferecidas 605 vagas de cursos de qualifica\u00e7\u00e3o profissional em 10 regi\u00f5es administrativas do Distrito Federal. As alunas foram capacitadas nos cursos de assistente administrativo, assistente de recursos humanos, camareira em meios de hospedagem, copeira, costureira industrial do vestu\u00e1rio, cuidadora de idosos, maquiadora, massagista, porteira e vigia, e recepcionista.<\/p>\n<p>Para Celina Le\u00e3o, a autonomia econ\u00f4mica da mulher \u00e9 fundamental para que as mulheres possam sair do ambiente de vulnerabilidade. \u201cParabenizo a todas voc\u00eas que est\u00e3o aqui hoje, porque eu entendo as dificuldades que passamos, e destaco a import\u00e2ncia da nossa uni\u00e3o, das oportunidades que surgem quando cada mulher decide ajudar outra mulher. Quero ver todas aqui empregadas, ou com os pr\u00f3prios neg\u00f3cios, quero ver todas voc\u00eas com os sonhos realizados. Tenho certeza que a vit\u00f3ria de voc\u00eas j\u00e1 chegou\u201d, destacou.<\/p>\n<p>A forma\u00e7\u00e3o profissional \u00e9 gratuita, com carga hor\u00e1ria de 160 horas, para mulheres que tiveram poucas oportunidades de escolariza\u00e7\u00e3o e acesso ao mercado de trabalho. A secret\u00e1ria da Mulher, Giselle Ferreira, destacou a import\u00e2ncia das capacita\u00e7\u00f5es voltadas ao mercado de trabalho. \u201cAs nossas a\u00e7\u00f5es precisam estar em conson\u00e2ncia com as necessidades das mulheres. Al\u00e9m de oferecer cursos que estejam alinhados com as ofertas abertas de empregos formais, para que todas as formandas tenham a oportunidade de ocuparem as vagas dispon\u00edveis\u201d, detalhou.<\/p>\n<p>Moradora de Sobradinho, Jaqueline Ceciliano, acompanhada pelos dois filhos, compareceu para tirar foto com o certificado em m\u00e3os. Mesmo estando em uma fase com problemas de sa\u00fade, o curso de recepcionista representa uma nova fase da vida. \u201cMe especializar foi a minha melhor escolha. Hoje estou aqui realizada, muito feliz e muito grata. Quero continuar fazendo parte desse projeto acolhedor e me profissionalizar. Conhecimento nunca \u00e9 demais\u2019, completa Jaqueline.<\/p>\n<p>Amiga dela, Isabel Farias, 26 anos, acompanhada no Espa\u00e7o Acolher de Sobradinho, acrescentou: \u201cO curso me trouxe uma sociabilidade muito especial. Foi muito bom saber que as mulheres, principalmente as donas de casa, n\u00e3o ficar\u00e3o com os seus curr\u00edculos em branco.\u201d<\/p>\n<p>Nesta segunda etapa do Mulheres Mil de 2024, foram 15 turmas distribu\u00eddas por todo o DF. A secret\u00e1ria de Educa\u00e7\u00e3o, H\u00e9lvia Paranagu\u00e1, acrescentou que o GDF pretende aumentar a oferta de cursos em 2025. \u201cTudo que vem para beneficiar as mulheres a gente abra\u00e7a com carinho. Temos um governo unido em prol da forma\u00e7\u00e3o das nossas mulheres\u201d, destacou.<\/p>\n<p>Tamb\u00e9m presente \u00e0 cerim\u00f4nia, o representante do Minist\u00e9rio da Educa\u00e7\u00e3o, Marcos Lael, resumiu o programa em uma palavra: semente. \u201cEste \u00eaxito hoje \u00e9 o plantar de uma semente, que vai dar frutos e trazer outras forma\u00e7\u00f5es e oportunidades para todas aqui presentes, e 2025 ser\u00e1 um ano de boas colheitas\u201d, concluiu.<\/p>\n","protected":false},"excerpt":{"rendered":"<p>A Secretaria da Mulher, em parceria com a Secretaria de Educa\u00e7\u00e3o, o Minist\u00e9rio da Educa\u00e7\u00e3o e o Programa Nacional de Acesso ao Ensino T\u00e9cnico e Emprego (Pronatec), entregou, na tarde desta segunda-feira (16), certificados para 240 alunas do Programa Mulheres Mil do DF. A formatura ocorreu no audit\u00f3rio da Eape na 907 sul e contou [&hellip;]<\/p>\n","protected":false},"author":2,"featured_media":343256,"comment_status":"closed","ping_status":"closed","sticky":false,"template":"","format":"standard","meta":{"_acf_changed":false,"footnotes":""},"categories":[161],"tags":[],"class_list":["post-343255","post","type-post","status-publish","format-standard","has-post-thumbnail","hentry","category-quadradinho-em-foco"],"acf":[],"_links":{"self":[{"href":"https:\/\/www.notibras.com\/site\/wp-json\/wp\/v2\/posts\/343255","targetHints":{"allow":["GET"]}}],"collection":[{"href":"https:\/\/www.notibras.com\/site\/wp-json\/wp\/v2\/posts"}],"about":[{"href":"https:\/\/www.notibras.com\/site\/wp-json\/wp\/v2\/types\/post"}],"author":[{"embeddable":true,"href":"https:\/\/www.notibras.com\/site\/wp-json\/wp\/v2\/users\/2"}],"replies":[{"embeddable":true,"href":"https:\/\/www.notibras.com\/site\/wp-json\/wp\/v2\/comments?post=343255"}],"version-history":[{"count":1,"href":"https:\/\/www.notibras.com\/site\/wp-json\/wp\/v2\/posts\/343255\/revisions"}],"predecessor-version":[{"id":343257,"href":"https:\/\/www.notibras.com\/site\/wp-json\/wp\/v2\/posts\/343255\/revisions\/343257"}],"wp:featuredmedia":[{"embeddable":true,"href":"https:\/\/www.notibras.com\/site\/wp-json\/wp\/v2\/media\/343256"}],"wp:attachment":[{"href":"https:\/\/www.notibras.com\/site\/wp-json\/wp\/v2\/media?parent=343255"}],"wp:term":[{"taxonomy":"category","embeddable":true,"href":"https:\/\/www.notibras.com\/site\/wp-json\/wp\/v2\/categories?post=343255"},{"taxonomy":"post_tag","embeddable":true,"href":"https:\/\/www.notibras.com\/site\/wp-json\/wp\/v2\/tags?post=343255"}],"curies":[{"name":"wp","href":"https:\/\/api.w.org\/{rel}","templated":true}]}}