{"id":343320,"date":"2024-12-18T08:18:21","date_gmt":"2024-12-18T11:18:21","guid":{"rendered":"https:\/\/www.notibras.com\/site\/?p=343320"},"modified":"2024-12-18T08:18:21","modified_gmt":"2024-12-18T11:18:21","slug":"joao-grilo-e-chico-voltam-a-vender-alegria-de-pernambuco-para-o-mundo","status":"publish","type":"post","link":"https:\/\/www.notibras.com\/site\/joao-grilo-e-chico-voltam-a-vender-alegria-de-pernambuco-para-o-mundo\/","title":{"rendered":"Jo\u00e3o Grilo e Chic\u00f3 voltam a vender alegria de Pernambuco para o mundo"},"content":{"rendered":"<p>O Auto da Compadecida 2 traz de volta a dupla mais querida do cinema brasileiro: Jo\u00e3o Grilo e Chic\u00f3. Matheus Nachtergaele e Selton Mello prometem divertir, emocionar e surpreender o p\u00fablico neste Natal com as novas aventuras de seus ic\u00f4nicos personagens. Dirigido por Fl\u00e1via Lacerda e Guel Arraes, o filme se passa vinte anos depois da primeira hist\u00f3ria e mostra a pacata rotina de Chic\u00f3 (Selton Mello) na m\u00edtica cidade de Tapero\u00e1, no sert\u00e3o nordestino. Agora, ele vive da venda de santinhos esculpidos em madeira e conta a hist\u00f3ria da ressurrei\u00e7\u00e3o de Jo\u00e3o Grilo. Seu grande amigo n\u00e3o d\u00e1 not\u00edcias h\u00e1 duas d\u00e9cadas e Chic\u00f3 acha que ele morreu novamente. Mas eis que Jo\u00e3o Grilo reaparece vivinho da silva e cheio de planos mirabolantes, que v\u00e3o virar a cidade de cabe\u00e7a para baixo.<\/p>\n<p>A amizade de Jo\u00e3o Grilo e Chic\u00f3 \u00e9 o fio condutor da hist\u00f3ria e Guel Arraes destaca a sintonia dos atores Matheus Nachtergaele e Selton Mello na vida real. &#8220;S\u00f3 existe brilho em uma dupla quando eles s\u00e3o generosos um com o outro. A amizade dos personagens \u00e9 o grande tema, \u00e9 o valor maior desse filme&#8221;, afirma Guel Arraes, que tamb\u00e9m assina o roteiro ao lado de Jo\u00e3o Falc\u00e3o, com colabora\u00e7\u00e3o de Adriana Falc\u00e3o e de Jorge Furtado.<\/p>\n<p>Rosinha, interpretada por Virginia Cavendish, surge como uma mulher moderna e independente. J\u00e1 Chic\u00f3 torna-se o narrador da hist\u00f3ria. Neste contexto, novos temas foram incorporados na trama, como a &#8220;adora\u00e7\u00e3o&#8221; a celebridades. Em uma sociedade em que todos almejam alguns minutos de fama, Jo\u00e3o Grilo n\u00e3o fica de fora dessa. &#8220;Ele era o cara mais an\u00f4nimo do Brasil, e agora vira uma celebridade em Tapero\u00e1, o que \u00e9 uma subvers\u00e3o enorme&#8221;, aponta Guel.<\/p>\n<p>Na continua\u00e7\u00e3o do cl\u00e1ssico, novos atores chegam ao elenco. Ta\u00eds Araujo \u00e9 a Compadecida, personagem interpretada por Fernanda Montenegro no primeiro filme. Humberto Martins \u00e9 Coronel Ernani, um fazendeiro influente, que almeja o cargo de prefeito. Eduardo Sterblitch chega como Arlindo, poderoso dono da \u00fanica r\u00e1dio da cidade de Tapero\u00e1. Conhecido pela esperteza nos neg\u00f3cios, ele tentar\u00e1 se aproveitar da ingenuidade da dupla para conquistar ainda mais poder. Enrique Diaz retorna como Joaquim Brejeiro que, ap\u00f3s a morte de Severino (cangaceiro interpretado por Marco Nanini no primeiro filme), encontra trabalho nas terras do Coronel.<\/p>\n<p>Fab\u00edula Nascimento interpreta Clarabela, filha do Coronel Ernani. Ela retorna da capital para passar uma temporada em Tapero\u00e1. Apaixonada por artes pl\u00e1sticas e por atua\u00e7\u00e3o, Clarabela se interessa pelo jeito simples e ing\u00eanuo de Chic\u00f3. Outra figura chega da cidade grande para agitar Tapero\u00e1: o carioca Ant\u00f4nio do Amor, interpretado por Luis Miranda. Ele recorre \u00e0 criatividade e ao improviso para conseguir alguns bicos e servi\u00e7os informais, sempre com muita malandragem.<\/p>\n<p>A ideia de realizar o filme surgiu em 2019. Guel Arraes tinha como objetivo apresentar personagens com ambi\u00e7\u00f5es e dilemas com que o p\u00fablico pudesse se identificar hoje. &#8220;Nossa miss\u00e3o foi construir uma narrativa coerente com os dias atuais, assim como o livro do primeiro Auto foi para o Brasil dos anos de 1955, quando foi publicado&#8221;, afirma.<\/p>\n<p>Autor da pe\u00e7a &#8220;O Auto da Compadecida&#8221;, o dramaturgo e fil\u00f3sofo Ariano Suassuna (1927-2014) era f\u00e3 do primeiro filme. Ap\u00f3s a autoriza\u00e7\u00e3o entusiasmada da fam\u00edlia do autor para realizar a continua\u00e7\u00e3o, os roteiristas foram capazes de construir uma nova hist\u00f3ria inserindo a mesma comicidade cr\u00edtica utilizada por Ariano no original. Com bom humor, o roteiro exp\u00f5e as marcas de um Brasil que ainda n\u00e3o superou quest\u00f5es sociais profundas, ao mesmo tempo em que apresenta para os her\u00f3is nordestinos solu\u00e7\u00f5es baseadas na ast\u00facia e na f\u00e9.<\/p>\n<p>A trilha sonora original de Jo\u00e3o Falc\u00e3o e Ricco Viana \u00e9 um dos pontos de destaque da nova produ\u00e7\u00e3o. A Compadecida, interpretada por Ta\u00eds Araujo, ganhou a can\u00e7\u00e3o &#8220;Fiadeira&#8221;, na voz da ic\u00f4nica Maria Beth\u00e2nia. No total, ser\u00e3o 19 can\u00e7\u00f5es interpretadas por artistas como Juliana Linhares, Marcelo Mimoso, Ana Barroso, Fatel e outros.<\/p>\n<p>A trama de &#8220;O Auto da Compadecida 2&#8221; se passa em uma Tapero\u00e1 m\u00edtica e a tecnologia chega para dar suporte \u00e0 escolha art\u00edstica na cria\u00e7\u00e3o de um nordeste fant\u00e1stico. O LED oferece a possibilidade de reconstru\u00e7\u00e3o de um Brasil m\u00edtico dos anos de 1950. Com cen\u00e1rios de uma paisagem preservada, a atmosfera de f\u00e1bula prevalece, conferindo ainda mais fidelidade ao universo de Ariano Suassuna.<\/p>\n<p>&#8220;Esta \u00e9 uma Tapero\u00e1 estilizada para contar uma hist\u00f3ria descolada do realismo. \u00c9 como uma cidade do imagin\u00e1rio de Ariano Suassuna&#8221;, afirma Fl\u00e1via. Guel acrescenta: &#8220;A gente quis criar uma cidade que n\u00e3o existe mais. O uso do LED vem com uma pesquisa detalhada para reconstruir essa cidade nordestina do Ariano&#8221;.<\/p>\n<p>&#8220;O Auto da Compadecida 2&#8221; tem produ\u00e7\u00e3o da Conspira\u00e7\u00e3o e da H2O Produ\u00e7\u00f5es. A coprodu\u00e7\u00e3o \u00e9 da Claro, com patroc\u00ednios master do Instituto Cultural Vale e da Brahma, e patroc\u00ednios da Santa Helena, do Ita\u00fa Unibanco, TikTok, Nubank, Prefeitura da Cidade do Rio de Janeiro, Secretaria Municipal de Cultura e Emiliano, por meio da Lei Municipal de Incentivo \u00e0 Cultura &#8211; Lei do ISS. A distribui\u00e7\u00e3o \u00e9 da H2O Films.<\/p>\n","protected":false},"excerpt":{"rendered":"<p>O Auto da Compadecida 2 traz de volta a dupla mais querida do cinema brasileiro: Jo\u00e3o Grilo e Chic\u00f3. Matheus Nachtergaele e Selton Mello prometem divertir, emocionar e surpreender o p\u00fablico neste Natal com as novas aventuras de seus ic\u00f4nicos personagens. Dirigido por Fl\u00e1via Lacerda e Guel Arraes, o filme se passa vinte anos depois [&hellip;]<\/p>\n","protected":false},"author":2,"featured_media":343321,"comment_status":"closed","ping_status":"closed","sticky":false,"template":"","format":"standard","meta":{"_acf_changed":false,"footnotes":""},"categories":[165],"tags":[],"class_list":["post-343320","post","type-post","status-publish","format-standard","has-post-thumbnail","hentry","category-nordeste"],"acf":[],"_links":{"self":[{"href":"https:\/\/www.notibras.com\/site\/wp-json\/wp\/v2\/posts\/343320","targetHints":{"allow":["GET"]}}],"collection":[{"href":"https:\/\/www.notibras.com\/site\/wp-json\/wp\/v2\/posts"}],"about":[{"href":"https:\/\/www.notibras.com\/site\/wp-json\/wp\/v2\/types\/post"}],"author":[{"embeddable":true,"href":"https:\/\/www.notibras.com\/site\/wp-json\/wp\/v2\/users\/2"}],"replies":[{"embeddable":true,"href":"https:\/\/www.notibras.com\/site\/wp-json\/wp\/v2\/comments?post=343320"}],"version-history":[{"count":1,"href":"https:\/\/www.notibras.com\/site\/wp-json\/wp\/v2\/posts\/343320\/revisions"}],"predecessor-version":[{"id":343322,"href":"https:\/\/www.notibras.com\/site\/wp-json\/wp\/v2\/posts\/343320\/revisions\/343322"}],"wp:featuredmedia":[{"embeddable":true,"href":"https:\/\/www.notibras.com\/site\/wp-json\/wp\/v2\/media\/343321"}],"wp:attachment":[{"href":"https:\/\/www.notibras.com\/site\/wp-json\/wp\/v2\/media?parent=343320"}],"wp:term":[{"taxonomy":"category","embeddable":true,"href":"https:\/\/www.notibras.com\/site\/wp-json\/wp\/v2\/categories?post=343320"},{"taxonomy":"post_tag","embeddable":true,"href":"https:\/\/www.notibras.com\/site\/wp-json\/wp\/v2\/tags?post=343320"}],"curies":[{"name":"wp","href":"https:\/\/api.w.org\/{rel}","templated":true}]}}