{"id":343323,"date":"2024-12-18T00:00:43","date_gmt":"2024-12-18T03:00:43","guid":{"rendered":"https:\/\/www.notibras.com\/site\/?p=343323"},"modified":"2024-12-18T08:38:27","modified_gmt":"2024-12-18T11:38:27","slug":"mavi-volta-a-paraiba-animada-com-luta-para-segurar-as-mudancas-climaticas","status":"publish","type":"post","link":"https:\/\/www.notibras.com\/site\/mavi-volta-a-paraiba-animada-com-luta-para-segurar-as-mudancas-climaticas\/","title":{"rendered":"Mavi volta \u00e0 Para\u00edba animada com luta para segurar as mudan\u00e7as clim\u00e1ticas"},"content":{"rendered":"<p>Maria Vit\u00f3ria Brilhante (Mavi), de Jo\u00e3o Pessoa, acaba de voltar \u00e0 Para\u00edba, ap\u00f3s representar o Brasil, como a mais jovem brasileira, na 16\u00aa sess\u00e3o da Confer\u00eancia das Partes da Conven\u00e7\u00e3o das Na\u00e7\u00f5es Unidas para Combater a Desertifica\u00e7\u00e3o (COP16 da UNCCD). Embaixadora do Instituto Limpa Brasil, Mavi marcou presen\u00e7a no evento que ocorreu de 2 a 13 de dezembro em Riade, Ar\u00e1bia Saudita, celebrando os 30 anos da UNCCD sob o tema &#8220;Nossa Terra. Nosso Futuro&#8221;.<\/p>\n<p>A COP16 foi a maior confer\u00eancia da ONU sobre terras at\u00e9 hoje, reunindo l\u00edderes globais para acelerar a\u00e7\u00f5es contra a desertifica\u00e7\u00e3o, degrada\u00e7\u00e3o da terra e resili\u00eancia \u00e0 seca. \u00c9 a primeira vez que a confer\u00eancia acontece no Oriente M\u00e9dio, destacando a urg\u00eancia de solu\u00e7\u00f5es concretas para problemas que afetam milh\u00f5es de pessoas globalmente.<\/p>\n<p>Representando o movimento global &#8220;My Future, My Voice&#8221; do EARTHDAY na Am\u00e9rica do Sul e o programa &#8220;Meu Futuro Minha Voz&#8221; no Brasil pelo Instituto Limpa Brasil, Mavi \u00e9 uma voz ativa na luta por um futuro sustent\u00e1vel. Com uma trajet\u00f3ria marcada por a\u00e7\u00f5es significativas, ela j\u00e1 participou da COP28 em Dubai como a palestrante mais jovem em pain\u00e9is ao lado de lideran\u00e7as internacionais de institui\u00e7\u00f5es como UNESCO e Global Partnership for Education (GPE).<\/p>\n<p>Na COP16, Mavi levou a mensagem de seu programa, destacando o protagonismo jovem na a\u00e7\u00e3o clim\u00e1tica e no combate \u00e0 desertifica\u00e7\u00e3o. Essa atua\u00e7\u00e3o se alinha diretamente ao tema da confer\u00eancia, reafirmando o papel essencial da juventude na transforma\u00e7\u00e3o ambiental.<\/p>\n","protected":false},"excerpt":{"rendered":"<p>Maria Vit\u00f3ria Brilhante (Mavi), de Jo\u00e3o Pessoa, acaba de voltar \u00e0 Para\u00edba, ap\u00f3s representar o Brasil, como a mais jovem brasileira, na 16\u00aa sess\u00e3o da Confer\u00eancia das Partes da Conven\u00e7\u00e3o das Na\u00e7\u00f5es Unidas para Combater a Desertifica\u00e7\u00e3o (COP16 da UNCCD). Embaixadora do Instituto Limpa Brasil, Mavi marcou presen\u00e7a no evento que ocorreu de 2 a [&hellip;]<\/p>\n","protected":false},"author":2,"featured_media":343324,"comment_status":"closed","ping_status":"closed","sticky":false,"template":"","format":"standard","meta":{"_acf_changed":false,"footnotes":""},"categories":[165],"tags":[],"class_list":["post-343323","post","type-post","status-publish","format-standard","has-post-thumbnail","hentry","category-nordeste"],"acf":[],"_links":{"self":[{"href":"https:\/\/www.notibras.com\/site\/wp-json\/wp\/v2\/posts\/343323","targetHints":{"allow":["GET"]}}],"collection":[{"href":"https:\/\/www.notibras.com\/site\/wp-json\/wp\/v2\/posts"}],"about":[{"href":"https:\/\/www.notibras.com\/site\/wp-json\/wp\/v2\/types\/post"}],"author":[{"embeddable":true,"href":"https:\/\/www.notibras.com\/site\/wp-json\/wp\/v2\/users\/2"}],"replies":[{"embeddable":true,"href":"https:\/\/www.notibras.com\/site\/wp-json\/wp\/v2\/comments?post=343323"}],"version-history":[{"count":1,"href":"https:\/\/www.notibras.com\/site\/wp-json\/wp\/v2\/posts\/343323\/revisions"}],"predecessor-version":[{"id":343325,"href":"https:\/\/www.notibras.com\/site\/wp-json\/wp\/v2\/posts\/343323\/revisions\/343325"}],"wp:featuredmedia":[{"embeddable":true,"href":"https:\/\/www.notibras.com\/site\/wp-json\/wp\/v2\/media\/343324"}],"wp:attachment":[{"href":"https:\/\/www.notibras.com\/site\/wp-json\/wp\/v2\/media?parent=343323"}],"wp:term":[{"taxonomy":"category","embeddable":true,"href":"https:\/\/www.notibras.com\/site\/wp-json\/wp\/v2\/categories?post=343323"},{"taxonomy":"post_tag","embeddable":true,"href":"https:\/\/www.notibras.com\/site\/wp-json\/wp\/v2\/tags?post=343323"}],"curies":[{"name":"wp","href":"https:\/\/api.w.org\/{rel}","templated":true}]}}