{"id":343326,"date":"2024-12-18T00:42:36","date_gmt":"2024-12-18T03:42:36","guid":{"rendered":"https:\/\/www.notibras.com\/site\/?p=343326"},"modified":"2024-12-18T08:45:10","modified_gmt":"2024-12-18T11:45:10","slug":"rainha-visita-teatro-nacional-para-acompanhar-conclusao-das-obras","status":"publish","type":"post","link":"https:\/\/www.notibras.com\/site\/rainha-visita-teatro-nacional-para-acompanhar-conclusao-das-obras\/","title":{"rendered":"Rainha visita Teatro Nacional para acompanhar conclus\u00e3o das obras"},"content":{"rendered":"<p>O conselheiro Renato Rainha, relator do processo no Tribunal de Contas do Distrito Federal (TCDF) que trata da reforma, manuten\u00e7\u00e3o e conserva\u00e7\u00e3o do Teatro Nacional Cl\u00e1udio Santoro, realizou nesta quarta-feira, 17, uma visita t\u00e9cnica ao local, que \u00e9 um dos mais importantes patrim\u00f4nios art\u00edsticos e arquitet\u00f4nicos de Bras\u00edlia.<\/p>\n<p>Acompanhado da engenheira e auditora de controle externo Adriana Portugal, que integra seu gabinete, o conselheiro foi verificar in loco o andamento e a conclus\u00e3o das interven\u00e7\u00f5es realizadas na Sala Martins Pena, que tem sua reinaugura\u00e7\u00e3o prevista para esta semana.<\/p>\n<p>De acordo com Renato Rainha, a nova inspe\u00e7\u00e3o permitiu observar de perto os principais aspectos da reforma, como obras de acessibilidade, a instala\u00e7\u00e3o dos sistemas de preven\u00e7\u00e3o e combate a inc\u00eandios e a recupera\u00e7\u00e3o estrutural do edif\u00edcio. &#8220;Estivemos em todas as unidades que passaram por mudan\u00e7as. Eles procuraram fazer a reforma para manter os padr\u00f5es originais conforme o Iphan determinou. Aparentemente, a obra est\u00e1 bem realizada e vai permitir a devolu\u00e7\u00e3o de um espa\u00e7o simb\u00f3lico e essencial para a cultura brasiliense e nacional&#8221;, afirmou o conselheiro.<\/p>\n<p>Na \u00faltima decis\u00e3o do processo 00600-00013602\/2021, o TCDF determinou \u00e0 Secretaria de Estado de Cultura e Economia Criativa (SECEC\/DF) que informasse ao Tribunal sobre a continuidade das tratativas com a Companhia Urbanizadora da Nova Capital (Novacap) para a celebra\u00e7\u00e3o de conv\u00eanio voltado \u00e0 elabora\u00e7\u00e3o de projetos arquitet\u00f4nicos complementares, bem como de or\u00e7amento para a reforma do Teatro Nacional, com exce\u00e7\u00e3o da Sala Martins Pena. O TCDF tamb\u00e9m questionou o andamento da reforma prevista para a Sala Villa Lobos e resultado da solicita\u00e7\u00e3o feita ao Minist\u00e9rio da Cultura para que as obras de reforma do Teatro Nacional Claudio Santoro, da Sala Alberto Nepomuceno e do Espa\u00e7o Dercy Gon\u00e7alves fossem incorporadas ao Plano de Investimentos do Governo Federal.<\/p>\n<p>A entrega da Sala Martins Pena ser\u00e1 o primeiro passo para a retomada das atividades do Teatro Nacional. O TCDF seguir\u00e1 fiscalizando o andamento da reforma do espa\u00e7o para garantir a transpar\u00eancia e a qualidade dos servi\u00e7os executados. &#8220;Agora, n\u00f3s vamos acompanhar olhando os aspectos mais t\u00e9cnicos, que ser\u00e3o avaliados no processo&#8221;, completou o conselheiro Renato Rainha.<\/p>\n<p>A reforma contempla, inicialmente, a Sala Martins Pena, com capacidade para 407 espectadores, que foi restaurada para manter suas caracter\u00edsticas arquitet\u00f4nicas originais. As obras tamb\u00e9m incluem melhorias estruturais nas \u00e1reas comuns e instala\u00e7\u00f5es el\u00e9tricas e hidr\u00e1ulicas do teatro.<\/p>\n<p>De acordo com informa\u00e7\u00f5es da Secretaria de Cultura e Economia Criativa, a reinaugura\u00e7\u00e3o da Sala Martins Pena est\u00e1 prevista para ocorrer amanh\u00e3, dia 18 de dezembro, ap\u00f3s 10 anos de fechamento, com um concerto exclusivo para os oper\u00e1rios da obra. A programa\u00e7\u00e3o especial vai ter cinco dias de celebra\u00e7\u00e3o com a participa\u00e7\u00e3o de artistas locais e nacionais, al\u00e9m da Orquestra Sinf\u00f4nica do Teatro Nacional Cl\u00e1udio Santoro.<\/p>\n<p>Inaugurado em 1966 e projetado por Oscar Niemeyer, o Teatro Nacional Cl\u00e1udio Santoro \u00e9 uma das principais refer\u00eancias culturais e arquitet\u00f4nicas de Bras\u00edlia. O edif\u00edcio em formato de pir\u00e2mide, com seus emblem\u00e1ticos cobog\u00f3s e linhas modernistas, foi palco de apresenta\u00e7\u00f5es art\u00edsticas, concertos e espet\u00e1culos que movimentaram a cena cultural da capital federal.<\/p>\n","protected":false},"excerpt":{"rendered":"<p>O conselheiro Renato Rainha, relator do processo no Tribunal de Contas do Distrito Federal (TCDF) que trata da reforma, manuten\u00e7\u00e3o e conserva\u00e7\u00e3o do Teatro Nacional Cl\u00e1udio Santoro, realizou nesta quarta-feira, 17, uma visita t\u00e9cnica ao local, que \u00e9 um dos mais importantes patrim\u00f4nios art\u00edsticos e arquitet\u00f4nicos de Bras\u00edlia. Acompanhado da engenheira e auditora de controle [&hellip;]<\/p>\n","protected":false},"author":2,"featured_media":343327,"comment_status":"closed","ping_status":"closed","sticky":false,"template":"","format":"standard","meta":{"_acf_changed":false,"footnotes":""},"categories":[161],"tags":[],"class_list":["post-343326","post","type-post","status-publish","format-standard","has-post-thumbnail","hentry","category-quadradinho-em-foco"],"acf":[],"_links":{"self":[{"href":"https:\/\/www.notibras.com\/site\/wp-json\/wp\/v2\/posts\/343326","targetHints":{"allow":["GET"]}}],"collection":[{"href":"https:\/\/www.notibras.com\/site\/wp-json\/wp\/v2\/posts"}],"about":[{"href":"https:\/\/www.notibras.com\/site\/wp-json\/wp\/v2\/types\/post"}],"author":[{"embeddable":true,"href":"https:\/\/www.notibras.com\/site\/wp-json\/wp\/v2\/users\/2"}],"replies":[{"embeddable":true,"href":"https:\/\/www.notibras.com\/site\/wp-json\/wp\/v2\/comments?post=343326"}],"version-history":[{"count":1,"href":"https:\/\/www.notibras.com\/site\/wp-json\/wp\/v2\/posts\/343326\/revisions"}],"predecessor-version":[{"id":343328,"href":"https:\/\/www.notibras.com\/site\/wp-json\/wp\/v2\/posts\/343326\/revisions\/343328"}],"wp:featuredmedia":[{"embeddable":true,"href":"https:\/\/www.notibras.com\/site\/wp-json\/wp\/v2\/media\/343327"}],"wp:attachment":[{"href":"https:\/\/www.notibras.com\/site\/wp-json\/wp\/v2\/media?parent=343326"}],"wp:term":[{"taxonomy":"category","embeddable":true,"href":"https:\/\/www.notibras.com\/site\/wp-json\/wp\/v2\/categories?post=343326"},{"taxonomy":"post_tag","embeddable":true,"href":"https:\/\/www.notibras.com\/site\/wp-json\/wp\/v2\/tags?post=343326"}],"curies":[{"name":"wp","href":"https:\/\/api.w.org\/{rel}","templated":true}]}}