{"id":343331,"date":"2024-12-18T09:05:16","date_gmt":"2024-12-18T12:05:16","guid":{"rendered":"https:\/\/www.notibras.com\/site\/?p=343331"},"modified":"2024-12-18T09:11:59","modified_gmt":"2024-12-18T12:11:59","slug":"chega-de-capitu-macabea-e-rebeca-hoje-vou-relaxar","status":"publish","type":"post","link":"https:\/\/www.notibras.com\/site\/chega-de-capitu-macabea-e-rebeca-hoje-vou-relaxar\/","title":{"rendered":"&#8216;Chega de Capitu, Macab\u00e9a e Rebeca; hoje vou relaxar&#8217;"},"content":{"rendered":"<p>Os amigos, vez ou outra, me perguntam por que ando sumida. Sem demora, invento uma desculpa qualquer, que estou atolada de servi\u00e7o no trabalho, que viajei para visitar minha m\u00e3e, e at\u00e9 mesmo que o cachorro est\u00e1 doente. Ali\u00e1s, talvez esta seja a mentira mais deslavada, pois o Teco faleceu h\u00e1 quase dois anos.<\/p>\n<p>Vivo reclusa, mergulhada em pensamentos de outrora e de agora. Os antigos, e que poderia ter feito, n\u00e3o fiz. Quanto aos de hoje, desapareceram que nem periquito na copa de \u00e1rvore. Quando tento puxar pela mem\u00f3ria, eis que outros se aproveitam para invadir a minha mente. Sorte que s\u00e3o t\u00e3o ef\u00eameros, que logo pegam o beco sem deixar rastro.<\/p>\n<p>Separei alguns livros para ler. &#8220;Dom Casmurro&#8221;, &#8220;A hora da estrela&#8221;, &#8220;Cem anos de solid\u00e3o&#8221; e &#8220;A verdade nos seres&#8221;, de um tal Daniel Marchi. O famoso romance do Machado de Assis j\u00e1 li duas vezes. Da primeira, tive certeza de que Capitu era mesmo uma ad\u00faltera. J\u00e1 na segunda, inocentei a mais not\u00f3ria personagem da literatura brasileira. N\u00e3o duvido, ent\u00e3o, que depois de terminar de l\u00ea-lo pela terceira vez, constate que o maior desejo de Bentinho era ser tra\u00eddo.<\/p>\n<p>Macab\u00e9a! J\u00e1 tive meus momentos de Macab\u00e9a. N\u00e3o raro, percebo tra\u00e7os de Clarice em sua famosa personagem. Seria ela o alter ego da autora? Outra coisa que n\u00e3o sai da minha mente \u00e9 que Macab\u00e9a, inconscientemente, se deixou atropelar por aquele Mercedes-Benz. N\u00e3o raro, invade-me aquela vontade de fazer o mesmo, mas falta-me algo que nunca tive: coragem.<\/p>\n<p>Lembro-me vagamente da hist\u00f3ria contada por Gabriel. \u00c9 que j\u00e1 faz mais de 30 anos que li sua premiada obra. Entretanto, ainda guardo na mem\u00f3ria Rebeca, que, depois de vi\u00fava, se trancou em casa e voltou a ter o h\u00e1bito de comer terra. Nunca me casei, apesar de alguns relacionamentos duradouros, que s\u00f3 me sufocaram com a ideia de eternidade. Tamb\u00e9m jamais tive pretens\u00e3o de comer terra, pois chocolate sempre me pareceu mais atraente.<\/p>\n<p>Indecisa que estou, observo os tr\u00eas cl\u00e1ssicos sobre a cama. Que nada! Olho para &#8220;A verdade nos seres&#8221;, como quem n\u00e3o est\u00e1 interessada. Puro fingimento. Passo os dedos sobre a capa branca e vermelha e n\u00e3o resisto. Hoje preciso de um pouco de poesia.<\/p>\n<p>&#8230;&#8230;&#8230;&#8230;&#8230;&#8230;&#8230;&#8230;&#8230;&#8230;&#8230;&#8230;..<\/p>\n<div>*<strong>Eduardo Mart\u00ednez \u00e9 autor do livro \u201c57 Contos e Cr\u00f4nicas por um Autor muito Velho\u201d.<\/strong><\/div>\n<div>\n<div class=\"mvp-post-soc-in\">\n<div id=\"mvp-content-body\" class=\"left relative\">\n<div id=\"mvp-content-body-top\" class=\"left relative\">\n<div id=\"mvp-content-main\" class=\"left relative\">\n<p>Compre aqui\u00a0<span class=\"x19la9d6 x1fc57z9 x6ikm8r x10wlt62 x19co3pv x1g5zs5t xfibh0p xiy17q3 x1xsqp64 x1lkfr7t xexx8yu x4uap5 x18d9i69 xkhd6sd\"><span class=\"xrtxmta x1bhl96m\"><img decoding=\"async\" class=\"emoji\" role=\"img\" draggable=\"false\" src=\"https:\/\/s.w.org\/images\/core\/emoji\/14.0.0\/svg\/1f447-1f3ff.svg\" alt=\"&#x1f447;&#x1f3ff;\" \/><\/span><\/span><span class=\"x19la9d6 x1fc57z9 x6ikm8r x10wlt62 x19co3pv x1g5zs5t xfibh0p xiy17q3 x1xsqp64 x1lkfr7t xexx8yu x4uap5 x18d9i69 xkhd6sd\"><span class=\"xrtxmta x1bhl96m\"><img decoding=\"async\" class=\"emoji\" role=\"img\" draggable=\"false\" src=\"https:\/\/s.w.org\/images\/core\/emoji\/14.0.0\/svg\/1f447-1f3ff.svg\" alt=\"&#x1f447;&#x1f3ff;\" \/><\/span><\/span><span class=\"x19la9d6 x1fc57z9 x6ikm8r x10wlt62 x19co3pv x1g5zs5t xfibh0p xiy17q3 x1xsqp64 x1lkfr7t xexx8yu x4uap5 x18d9i69 xkhd6sd\"><span class=\"xrtxmta x1bhl96m\"><img decoding=\"async\" class=\"emoji\" role=\"img\" draggable=\"false\" src=\"https:\/\/s.w.org\/images\/core\/emoji\/14.0.0\/svg\/1f447-1f3ff.svg\" alt=\"&#x1f447;&#x1f3ff;\" \/><\/span><\/span><\/p>\n<p><a href=\"http:\/\/www.joanineditora.com.br\/57-contos-e-cronicas-por-um-autor-muito-velho\">http:\/\/www.joanineditora.com.br\/57-contos-e-cronicas-por-um-autor-muito-velho<\/a><\/p>\n<\/div>\n<\/div>\n<\/div>\n<\/div>\n<\/div>\n","protected":false},"excerpt":{"rendered":"<p>Os amigos, vez ou outra, me perguntam por que ando sumida. Sem demora, invento uma desculpa qualquer, que estou atolada de servi\u00e7o no trabalho, que viajei para visitar minha m\u00e3e, e at\u00e9 mesmo que o cachorro est\u00e1 doente. Ali\u00e1s, talvez esta seja a mentira mais deslavada, pois o Teco faleceu h\u00e1 quase dois anos. Vivo [&hellip;]<\/p>\n","protected":false},"author":2,"featured_media":343332,"comment_status":"closed","ping_status":"closed","sticky":false,"template":"","format":"standard","meta":{"_acf_changed":false,"footnotes":""},"categories":[161],"tags":[],"class_list":["post-343331","post","type-post","status-publish","format-standard","has-post-thumbnail","hentry","category-quadradinho-em-foco"],"acf":[],"_links":{"self":[{"href":"https:\/\/www.notibras.com\/site\/wp-json\/wp\/v2\/posts\/343331","targetHints":{"allow":["GET"]}}],"collection":[{"href":"https:\/\/www.notibras.com\/site\/wp-json\/wp\/v2\/posts"}],"about":[{"href":"https:\/\/www.notibras.com\/site\/wp-json\/wp\/v2\/types\/post"}],"author":[{"embeddable":true,"href":"https:\/\/www.notibras.com\/site\/wp-json\/wp\/v2\/users\/2"}],"replies":[{"embeddable":true,"href":"https:\/\/www.notibras.com\/site\/wp-json\/wp\/v2\/comments?post=343331"}],"version-history":[{"count":4,"href":"https:\/\/www.notibras.com\/site\/wp-json\/wp\/v2\/posts\/343331\/revisions"}],"predecessor-version":[{"id":343336,"href":"https:\/\/www.notibras.com\/site\/wp-json\/wp\/v2\/posts\/343331\/revisions\/343336"}],"wp:featuredmedia":[{"embeddable":true,"href":"https:\/\/www.notibras.com\/site\/wp-json\/wp\/v2\/media\/343332"}],"wp:attachment":[{"href":"https:\/\/www.notibras.com\/site\/wp-json\/wp\/v2\/media?parent=343331"}],"wp:term":[{"taxonomy":"category","embeddable":true,"href":"https:\/\/www.notibras.com\/site\/wp-json\/wp\/v2\/categories?post=343331"},{"taxonomy":"post_tag","embeddable":true,"href":"https:\/\/www.notibras.com\/site\/wp-json\/wp\/v2\/tags?post=343331"}],"curies":[{"name":"wp","href":"https:\/\/api.w.org\/{rel}","templated":true}]}}