{"id":343355,"date":"2024-12-18T00:01:00","date_gmt":"2024-12-18T03:01:00","guid":{"rendered":"https:\/\/www.notibras.com\/site\/?p=343355"},"modified":"2024-12-18T10:14:55","modified_gmt":"2024-12-18T13:14:55","slug":"sol-nascente-conta-com-servicos-gratuitos-de-saude-ate-sexta-feira","status":"publish","type":"post","link":"https:\/\/www.notibras.com\/site\/sol-nascente-conta-com-servicos-gratuitos-de-saude-ate-sexta-feira\/","title":{"rendered":"Sol Nascente conta com servi\u00e7os gratuitos de sa\u00fade at\u00e9 sexta-feira"},"content":{"rendered":"<p>Aproximar a popula\u00e7\u00e3o dos servi\u00e7os de sa\u00fade por meio de uma assist\u00eancia r\u00e1pida e eficiente. Esse \u00e9 o objetivo do programa itinerante Sa\u00fade Mais Perto do Cidad\u00e3o \u2013 A Tenda+, promovido pela Secretaria de Sa\u00fade (SES-DF), em parceria com o Hospital S\u00e3o Mateus. A \u00faltima edi\u00e7\u00e3o do ano ocorre no Sol Nascente, at\u00e9 sexta-feira (20). A expectativa \u00e9 de que as equipes realizem uma m\u00e9dia de 300 atendimentos di\u00e1rios.<\/p>\n<p>Os moradores da regi\u00e3o contam com um espa\u00e7o de 1,2 mil metros quadrados, composto por 20 consult\u00f3rios equipados e uma \u00e1rea espec\u00edfica de exames, entre mapeamento de retina, hemograma, eletrocardiograma, papanicolau e ultrassonografia. A SES-DF disponibiliza consultas em seis especialidades: pediatria, ginecologia, dermatologia, oftalmologia, ortopedia e cardiologia.<\/p>\n<p>Entre os beneficiados pelo servi\u00e7o est\u00e1 o morador Ant\u00f4nio Severino Rodrigues, 82. Acompanhado pelo filho, Dami\u00e3o de Sousa Rodrigues, 45, Severino passou por atendimento com um cl\u00ednico geral. \u201cA assist\u00eancia foi muito boa. Eu vim aqui na porta mesmo, fiz o registro e meu pai conseguiu a consulta. Agora, ele vai fazer uma ecografia abdominal total. A tenda ajuda muito, principalmente porque \u00e9 perto de casa\u201d, elogia Dami\u00e3o.<\/p>\n<p>Gripada, Ana Caroline, 24, precisou buscar atendimento na tenda. \u201cEu moro aqui perto e vi o pessoal construindo o espa\u00e7o. Achei \u00f3timo porque aqui tem mais acessibilidade e \u00e9 mais r\u00e1pido. J\u00e1 at\u00e9 fiz um hemograma completo\u201d, conta.<\/p>\n<p>De acordo com o m\u00e9dico respons\u00e1vel pelo gerenciamento da Sa\u00fade Mais Perto do Cidad\u00e3o: A Tenda+, Paulo Henrique Badinhani, o agendamento das consultas tamb\u00e9m pode ser feito de forma virtual. \u201cA pessoa chega, realiza a consulta e pode fazer os exames. Antes de vir, se ela tiver acesso, \u00e9 poss\u00edvel ainda entrar no nosso site ou aplicativo para marcar a consulta e vir com hora determinada, sem fila\u201d, explica.<\/p>\n<p><strong>Efici\u00eancia no atendimento<\/strong><br \/>\nNo \u00faltimo s\u00e1bado (14), a secret\u00e1ria de Sa\u00fade, Lucilene Flor\u00eancio, visitou a tenda no Sol Nascente, em funcionamento na regi\u00e3o desde o dia 11. \u201cEstou encantada com o que vi e com as entregas que est\u00e3o sendo feitas aqui. Temos demandas reprimidas no DF e a popula\u00e7\u00e3o est\u00e1 satisfeita com esse modelo. O que o governo deseja \u00e9 ampliar o acesso e ofertar o que as pessoas precisam\u201d, apontou.<\/p>\n<p>Sa\u00fade Mais Perto do Cidad\u00e3o: A Tenda+, gerenciada pela SES-DF, \u00e9 um dos bra\u00e7os do projeto Sa\u00fade Mais Perto do Cidad\u00e3o, do Governo do Distrito Federal (GDF). A primeira edi\u00e7\u00e3o foi instalada no Riacho Fundo, no final de novembro, resultando em mais de 3 mil consultas. Para o in\u00edcio de 2025, outras etapas j\u00e1 est\u00e3o confirmadas na Estrutural, Ceil\u00e2ndia e Santa Maria.<\/p>\n","protected":false},"excerpt":{"rendered":"<p>Aproximar a popula\u00e7\u00e3o dos servi\u00e7os de sa\u00fade por meio de uma assist\u00eancia r\u00e1pida e eficiente. Esse \u00e9 o objetivo do programa itinerante Sa\u00fade Mais Perto do Cidad\u00e3o \u2013 A Tenda+, promovido pela Secretaria de Sa\u00fade (SES-DF), em parceria com o Hospital S\u00e3o Mateus. A \u00faltima edi\u00e7\u00e3o do ano ocorre no Sol Nascente, at\u00e9 sexta-feira (20). [&hellip;]<\/p>\n","protected":false},"author":2,"featured_media":343356,"comment_status":"closed","ping_status":"closed","sticky":false,"template":"","format":"standard","meta":{"_acf_changed":false,"footnotes":""},"categories":[161],"tags":[],"class_list":["post-343355","post","type-post","status-publish","format-standard","has-post-thumbnail","hentry","category-quadradinho-em-foco"],"acf":[],"_links":{"self":[{"href":"https:\/\/www.notibras.com\/site\/wp-json\/wp\/v2\/posts\/343355","targetHints":{"allow":["GET"]}}],"collection":[{"href":"https:\/\/www.notibras.com\/site\/wp-json\/wp\/v2\/posts"}],"about":[{"href":"https:\/\/www.notibras.com\/site\/wp-json\/wp\/v2\/types\/post"}],"author":[{"embeddable":true,"href":"https:\/\/www.notibras.com\/site\/wp-json\/wp\/v2\/users\/2"}],"replies":[{"embeddable":true,"href":"https:\/\/www.notibras.com\/site\/wp-json\/wp\/v2\/comments?post=343355"}],"version-history":[{"count":1,"href":"https:\/\/www.notibras.com\/site\/wp-json\/wp\/v2\/posts\/343355\/revisions"}],"predecessor-version":[{"id":343357,"href":"https:\/\/www.notibras.com\/site\/wp-json\/wp\/v2\/posts\/343355\/revisions\/343357"}],"wp:featuredmedia":[{"embeddable":true,"href":"https:\/\/www.notibras.com\/site\/wp-json\/wp\/v2\/media\/343356"}],"wp:attachment":[{"href":"https:\/\/www.notibras.com\/site\/wp-json\/wp\/v2\/media?parent=343355"}],"wp:term":[{"taxonomy":"category","embeddable":true,"href":"https:\/\/www.notibras.com\/site\/wp-json\/wp\/v2\/categories?post=343355"},{"taxonomy":"post_tag","embeddable":true,"href":"https:\/\/www.notibras.com\/site\/wp-json\/wp\/v2\/tags?post=343355"}],"curies":[{"name":"wp","href":"https:\/\/api.w.org\/{rel}","templated":true}]}}