{"id":343364,"date":"2024-12-18T11:03:55","date_gmt":"2024-12-18T14:03:55","guid":{"rendered":"https:\/\/www.notibras.com\/site\/?p=343364"},"modified":"2024-12-18T11:04:25","modified_gmt":"2024-12-18T14:04:25","slug":"joao-campos-suspeito-de-esquentar-precos-na-compra-de-energia-solar","status":"publish","type":"post","link":"https:\/\/www.notibras.com\/site\/joao-campos-suspeito-de-esquentar-precos-na-compra-de-energia-solar\/","title":{"rendered":"Jo\u00e3o Campos suspeito de &#8216;esquentar&#8217; pre\u00e7os na compra de energia solar"},"content":{"rendered":"<p>O prefeito do Recife, Jo\u00e3o Campos (PSB), ter\u00e1 de explicar ao Tribunal de Contas do Estado de Pernambuco o sobrepre\u00e7o de R$ 12,5 milh\u00f5es em um contrato para fornecimento de energia solar a escolas da rede municipal. No valor total de R$ 18,9 milh\u00f5es, o contrato foi firmado com a Enove Engenharia e Energias Renov\u00e1veis, empresa que tem entre seus s\u00f3cios o ex-prefeito de Quipap\u00e1, \u00c1lvaro Porto Filho, que \u00e9 filho do presidente da Assembleia Legislativa de Pernambuco, deputado \u00c1lvaro Porto (PSDB).<\/p>\n<p>Uma auditoria do TCE-PE constatou que os pre\u00e7os do contrato s\u00e3o tr\u00eas vezes maiores que os praticados no mercado, o que levou os auditores recomendar ao conselheiro Eduardo Porto, relator das contas da Secretaria de Educa\u00e7\u00e3o do Recife, a emiss\u00e3o de uma cautelar para que a prefeitura n\u00e3o efetue o pagamento do contrato. O conselheiro-relator \u00e9 sobrinho do deputado \u00c1lvaro Porto, portanto primo do s\u00f3cio da Enove. Ele foi nomeado para o Tribunal no ano passado, na cota de quatro indica\u00e7\u00f5es da Assembleia.<\/p>\n<p>&#8220;Entende-se pela emiss\u00e3o de uma medida cautelar a fim de que seja suspenso qualquer tipo de pagamento referente ao contrato, at\u00e9 que todas as irregularidades sejam sanadas&#8221;, afirmam os auditores Tiago Martins e Victor Correia, que examinaram o contrato. Al\u00e9m do sobrepre\u00e7o, os auditores apontaram ades\u00e3o irregular \u00e0 ata de registro de pre\u00e7os, aus\u00eancia de estudos t\u00e9cnicos preliminares, projeto b\u00e1sico e or\u00e7amento detalhado, indefini\u00e7\u00e3o da necessidade de obras e da viabilidade da instala\u00e7\u00e3o de usinas fotovotaicas.<\/p>\n<p>Os auditores tamb\u00e9m apontaram que o contrato n\u00e3o avaliou as diferentes alternativas para redu\u00e7\u00e3o dos gastos com energia el\u00e9trica, como instala\u00e7\u00e3o de usina fotovot\u00e1ica, ades\u00e3o ao mercado livre de energia, gera\u00e7\u00e3o compartilhada e a explora\u00e7\u00e3o de parcerias p\u00fablico-privadas, que demonstrassem a vantagem da solu\u00e7\u00e3o escolhida em rela\u00e7\u00e3o \u00e0s outras alternativas.<\/p>\n<p>A Prefeitura do Recife divulgou uma nota em que discorda da auditoria porque &#8220;trata-se de um relat\u00f3rio inicial que ainda n\u00e3o foi apreciado pelos conselheiros&#8221; e que, nesse contexto, &#8220;n\u00e3o h\u00e1 ainda uma posi\u00e7\u00e3o formal do TCE&#8221;.<\/p>\n<p>A Secretaria de Educa\u00e7\u00e3o disse que o contrato ainda n\u00e3o est\u00e1 em execu\u00e7\u00e3o e que tamb\u00e9m discorda da an\u00e1lise dos auditores. &#8220;A gest\u00e3o municipal informa que vai apresentar os argumentos necess\u00e1rios \u00e0 Corte de Contas e se adianta e esclarece que todas as contrata\u00e7\u00f5es realizadas respeitam os ritos administrativos, sempre primando pelos da legalidade e economicidade&#8221;, conclui a nota da prefeitura.<\/p>\n","protected":false},"excerpt":{"rendered":"<p>O prefeito do Recife, Jo\u00e3o Campos (PSB), ter\u00e1 de explicar ao Tribunal de Contas do Estado de Pernambuco o sobrepre\u00e7o de R$ 12,5 milh\u00f5es em um contrato para fornecimento de energia solar a escolas da rede municipal. No valor total de R$ 18,9 milh\u00f5es, o contrato foi firmado com a Enove Engenharia e Energias Renov\u00e1veis, [&hellip;]<\/p>\n","protected":false},"author":2,"featured_media":343365,"comment_status":"closed","ping_status":"closed","sticky":false,"template":"","format":"standard","meta":{"_acf_changed":false,"footnotes":""},"categories":[165],"tags":[95],"class_list":["post-343364","post","type-post","status-publish","format-standard","has-post-thumbnail","hentry","category-nordeste","tag-capa"],"acf":[],"_links":{"self":[{"href":"https:\/\/www.notibras.com\/site\/wp-json\/wp\/v2\/posts\/343364","targetHints":{"allow":["GET"]}}],"collection":[{"href":"https:\/\/www.notibras.com\/site\/wp-json\/wp\/v2\/posts"}],"about":[{"href":"https:\/\/www.notibras.com\/site\/wp-json\/wp\/v2\/types\/post"}],"author":[{"embeddable":true,"href":"https:\/\/www.notibras.com\/site\/wp-json\/wp\/v2\/users\/2"}],"replies":[{"embeddable":true,"href":"https:\/\/www.notibras.com\/site\/wp-json\/wp\/v2\/comments?post=343364"}],"version-history":[{"count":1,"href":"https:\/\/www.notibras.com\/site\/wp-json\/wp\/v2\/posts\/343364\/revisions"}],"predecessor-version":[{"id":343366,"href":"https:\/\/www.notibras.com\/site\/wp-json\/wp\/v2\/posts\/343364\/revisions\/343366"}],"wp:featuredmedia":[{"embeddable":true,"href":"https:\/\/www.notibras.com\/site\/wp-json\/wp\/v2\/media\/343365"}],"wp:attachment":[{"href":"https:\/\/www.notibras.com\/site\/wp-json\/wp\/v2\/media?parent=343364"}],"wp:term":[{"taxonomy":"category","embeddable":true,"href":"https:\/\/www.notibras.com\/site\/wp-json\/wp\/v2\/categories?post=343364"},{"taxonomy":"post_tag","embeddable":true,"href":"https:\/\/www.notibras.com\/site\/wp-json\/wp\/v2\/tags?post=343364"}],"curies":[{"name":"wp","href":"https:\/\/api.w.org\/{rel}","templated":true}]}}