{"id":343418,"date":"2024-12-19T07:05:08","date_gmt":"2024-12-19T10:05:08","guid":{"rendered":"https:\/\/www.notibras.com\/site\/?p=343418"},"modified":"2024-12-19T07:06:27","modified_gmt":"2024-12-19T10:06:27","slug":"entre-passarinhos-e-recordacoes-de-um-quase-ermitao-sentado-na-praca","status":"publish","type":"post","link":"https:\/\/www.notibras.com\/site\/entre-passarinhos-e-recordacoes-de-um-quase-ermitao-sentado-na-praca\/","title":{"rendered":"Entre passarinhos e recorda\u00e7\u00f5es de um quase ermit\u00e3o sentado na pra\u00e7a"},"content":{"rendered":"<p>Gosto de vir \u00e0 pra\u00e7a da quadra aqui da Asa Norte. N\u00e3o para encontrar amigos ou poss\u00edvel romance. A minha turma, talvez por t\u00e9dio, resolveu se mudar para o cemit\u00e9rio. Quanto \u00e0s provoca\u00e7\u00f5es do cora\u00e7\u00e3o, confesso que cansei de lutar contra a minha natureza solit\u00e1ria. No entanto, n\u00e3o chego a ser um ermit\u00e3o, mesmo porque costumo trocar algumas palavras com o Alo\u00edsio, dono da banca de jornal, sem falar que, n\u00e3o raro, cumprimento o porteiro do meu bloco.<\/p>\n<p>Os passarinhos. Pois s\u00e3o eles que me fazem acordar antes das seis da manh\u00e3, preparar meu caf\u00e9 e caminhar at\u00e9 aqui. Sento neste banco em frente a estas \u00e1rvores e observo o exibido bem-te-vi, que parece me encarar como se dizendo: &#8220;Ei, homem velho, ningu\u00e9m canta mais alto do que eu por estas bandas!&#8221; Na certa, esse rapaz deve pensar que est\u00e1 diante de um desperd\u00edcio da natureza, j\u00e1 que sou muito maior do que ele, mas n\u00e3o emito nem sequer um som que vale a pena ser ouvido.<\/p>\n<p>Tem tamb\u00e9m aquele talentoso sabi\u00e1-laranjeira. De t\u00e3o bom cantor, o apelidei de Em\u00edlio Santiago. Nem sei se esse p\u00e1ssaro sabe que tem o nome de uma das maiores vozes do Brasil, mas isso n\u00e3o importa. Todavia, creio que o Em\u00edlio adoraria saber que tem um xar\u00e1 que faz sucesso por aqui.<\/p>\n<p>H\u00e1 tamb\u00e9m beija-flores, sanha\u00e7os, al\u00e9m dos in\u00fameros pardais. Entretanto, o que chama mais a minha aten\u00e7\u00e3o \u00e9 o casal de jo\u00e3o-de-barro, cuja moradia me faz lembrar da casa de sap\u00ea dos meus av\u00f3s. Casa humilde l\u00e1 no interior. Sem energia el\u00e9trica, mas cheia de luz, sem falar dos biscoitos e do bolo de fub\u00e1 que vov\u00f3 sabia fazer como ningu\u00e9m.<\/p>\n<p>A \u00faltima vez que estive no s\u00edtio dos pais da minha m\u00e3e foi em 1974, pouco depois do falecimento do vov\u00f4. Enquanto a fam\u00edlia falava que ele morreria por causa de tanto fumar, eis que foi um tombo que o levou. Trope\u00e7ou numa pedra de Drummond e bateu com a testa na quina do cocho das vacas. O m\u00e9dico foi chamado \u00e0s pressas, mas n\u00e3o teve tempo de fazer nada al\u00e9m de assinar o atestado de \u00f3bito.<\/p>\n<p>Mam\u00e3e e minha tia, ap\u00f3s vov\u00f3 ficar vi\u00fava, decidiram traz\u00ea-la para a cidade. Ela resistiu por um tempo, mas acabou percebendo que a idade chegava para todos. E, aos trancos e barrancos, alcan\u00e7ou os tr\u00eas d\u00edgitos, coisa rara entre os nossos. Viveu at\u00e9 os inacredit\u00e1veis 107 anos.<\/p>\n<p>Quando meu av\u00f4 morreu, ele estava com 87 anos, dois a menos do que estou hoje. Caso n\u00e3o tropique em alguma pedra no caminho que ainda me resta, talvez eu chegue \u00e0 sua idade. Todavia, n\u00e3o tenho pretens\u00e3o de esticar a vida que nem vov\u00f3.<\/p>\n<p>&#8230;&#8230;&#8230;&#8230;&#8230;&#8230;&#8230;&#8230;&#8230;&#8230;&#8230;&#8230;&#8230;<\/p>\n<div>*<strong>Eduardo Mart\u00ednez \u00e9 autor do livro \u201c57 Contos e Cr\u00f4nicas por um Autor muito Velho\u201d.<\/strong><\/div>\n<div>\n<div class=\"mvp-post-soc-in\">\n<div id=\"mvp-content-body\" class=\"left relative\">\n<div id=\"mvp-content-body-top\" class=\"left relative\">\n<div id=\"mvp-content-main\" class=\"left relative\">\n<p>Compre aqui\u00a0<span class=\"x19la9d6 x1fc57z9 x6ikm8r x10wlt62 x19co3pv x1g5zs5t xfibh0p xiy17q3 x1xsqp64 x1lkfr7t xexx8yu x4uap5 x18d9i69 xkhd6sd\"><span class=\"xrtxmta x1bhl96m\"><img decoding=\"async\" class=\"emoji\" role=\"img\" draggable=\"false\" src=\"https:\/\/s.w.org\/images\/core\/emoji\/14.0.0\/svg\/1f447-1f3ff.svg\" alt=\"&#x1f447;&#x1f3ff;\" \/><\/span><\/span><span class=\"x19la9d6 x1fc57z9 x6ikm8r x10wlt62 x19co3pv x1g5zs5t xfibh0p xiy17q3 x1xsqp64 x1lkfr7t xexx8yu x4uap5 x18d9i69 xkhd6sd\"><span class=\"xrtxmta x1bhl96m\"><img decoding=\"async\" class=\"emoji\" role=\"img\" draggable=\"false\" src=\"https:\/\/s.w.org\/images\/core\/emoji\/14.0.0\/svg\/1f447-1f3ff.svg\" alt=\"&#x1f447;&#x1f3ff;\" \/><\/span><\/span><span class=\"x19la9d6 x1fc57z9 x6ikm8r x10wlt62 x19co3pv x1g5zs5t xfibh0p xiy17q3 x1xsqp64 x1lkfr7t xexx8yu x4uap5 x18d9i69 xkhd6sd\"><span class=\"xrtxmta x1bhl96m\"><img decoding=\"async\" class=\"emoji\" role=\"img\" draggable=\"false\" src=\"https:\/\/s.w.org\/images\/core\/emoji\/14.0.0\/svg\/1f447-1f3ff.svg\" alt=\"&#x1f447;&#x1f3ff;\" \/><\/span><\/span><\/p>\n<p><a href=\"http:\/\/www.joanineditora.com.br\/57-contos-e-cronicas-por-um-autor-muito-velho\">http:\/\/www.joanineditora.com.br\/57-contos-e-cronicas-por-um-autor-muito-velho<\/a><\/p>\n<\/div>\n<\/div>\n<\/div>\n<\/div>\n<\/div>\n","protected":false},"excerpt":{"rendered":"<p>Gosto de vir \u00e0 pra\u00e7a da quadra aqui da Asa Norte. N\u00e3o para encontrar amigos ou poss\u00edvel romance. A minha turma, talvez por t\u00e9dio, resolveu se mudar para o cemit\u00e9rio. Quanto \u00e0s provoca\u00e7\u00f5es do cora\u00e7\u00e3o, confesso que cansei de lutar contra a minha natureza solit\u00e1ria. No entanto, n\u00e3o chego a ser um ermit\u00e3o, mesmo porque [&hellip;]<\/p>\n","protected":false},"author":2,"featured_media":343419,"comment_status":"closed","ping_status":"closed","sticky":false,"template":"","format":"standard","meta":{"_acf_changed":false,"footnotes":""},"categories":[161],"tags":[],"class_list":["post-343418","post","type-post","status-publish","format-standard","has-post-thumbnail","hentry","category-quadradinho-em-foco"],"acf":[],"_links":{"self":[{"href":"https:\/\/www.notibras.com\/site\/wp-json\/wp\/v2\/posts\/343418","targetHints":{"allow":["GET"]}}],"collection":[{"href":"https:\/\/www.notibras.com\/site\/wp-json\/wp\/v2\/posts"}],"about":[{"href":"https:\/\/www.notibras.com\/site\/wp-json\/wp\/v2\/types\/post"}],"author":[{"embeddable":true,"href":"https:\/\/www.notibras.com\/site\/wp-json\/wp\/v2\/users\/2"}],"replies":[{"embeddable":true,"href":"https:\/\/www.notibras.com\/site\/wp-json\/wp\/v2\/comments?post=343418"}],"version-history":[{"count":1,"href":"https:\/\/www.notibras.com\/site\/wp-json\/wp\/v2\/posts\/343418\/revisions"}],"predecessor-version":[{"id":343420,"href":"https:\/\/www.notibras.com\/site\/wp-json\/wp\/v2\/posts\/343418\/revisions\/343420"}],"wp:featuredmedia":[{"embeddable":true,"href":"https:\/\/www.notibras.com\/site\/wp-json\/wp\/v2\/media\/343419"}],"wp:attachment":[{"href":"https:\/\/www.notibras.com\/site\/wp-json\/wp\/v2\/media?parent=343418"}],"wp:term":[{"taxonomy":"category","embeddable":true,"href":"https:\/\/www.notibras.com\/site\/wp-json\/wp\/v2\/categories?post=343418"},{"taxonomy":"post_tag","embeddable":true,"href":"https:\/\/www.notibras.com\/site\/wp-json\/wp\/v2\/tags?post=343418"}],"curies":[{"name":"wp","href":"https:\/\/api.w.org\/{rel}","templated":true}]}}