{"id":343432,"date":"2024-12-19T00:00:17","date_gmt":"2024-12-19T03:00:17","guid":{"rendered":"https:\/\/www.notibras.com\/site\/?p=343432"},"modified":"2024-12-19T07:38:49","modified_gmt":"2024-12-19T10:38:49","slug":"operarios-curtem-fim-das-obras-no-teatro-nacional-em-concerto-na-martins-pena","status":"publish","type":"post","link":"https:\/\/www.notibras.com\/site\/operarios-curtem-fim-das-obras-no-teatro-nacional-em-concerto-na-martins-pena\/","title":{"rendered":"Oper\u00e1rios curtem fim das obras no Teatro Nacional em concerto na Martins Pena"},"content":{"rendered":"<p>Coube aos oper\u00e1rios e aos servidores dos \u00f3rg\u00e3os do Governo do Distrito Federal (GDF) que trabalharam na obra de restauro do Teatro Nacional Claudio Santoro o privil\u00e9gio de serem os primeiros a assistirem um espet\u00e1culo teste na Sala Martins Pena. Batizada de Sinfonia do Concreto, a a\u00e7\u00e3o desta quarta-feira (18) faz parte da programa\u00e7\u00e3o de reabertura do espa\u00e7o que passou por moderniza\u00e7\u00e3o e readequa\u00e7\u00e3o para cumprir as normas de seguran\u00e7a, combate a inc\u00eandio e acessibilidade.<\/p>\n<p>\u201cEmo\u00e7\u00e3o\u201d foi a palavra usada pelo pintor Francisco Ari Rodrigues Lima para definir a participa\u00e7\u00e3o dos trabalhadores da obra no concerto de reabertura da Sala Martins Pena, o primeiro ato de uma celebra\u00e7\u00e3o que ser\u00e1 feita em seis dias e que se inspira na a\u00e7\u00e3o da atriz Cacilda Becker na inaugura\u00e7\u00e3o da sala em 1966, quando subiu ao palco primeiramente para os trabalhadores.<\/p>\n<p>\u201cAjudei em v\u00e1rias partes aqui\u201d, lembrou o homem que atuou nas pinturas da fachada, do foyer e da sala. \u201cEnt\u00e3o \u00e9 muita emo\u00e7\u00e3o, porque eu s\u00f3 tinha visto o Teatro Nacional h\u00e1 10 anos por fora. Nunca me imaginava aqui, principalmente hoje, um dia festivo. Estou me sentindo um artista\u201d, disse.<\/p>\n<p>\u201c\u00c9 uma p\u00e1gina da hist\u00f3ria para ser vivida e estou vivendo. Antes s\u00f3 se via todo mundo famoso chegando aqui e fazendo seu show, e n\u00f3s [oper\u00e1rios] fizemos o nosso show. O in\u00edcio de tudo somos n\u00f3s, os trabalhadores\u201d, comentou Lima.<\/p>\n<p>Trabalhando desde o come\u00e7o da obra do teatro, o pintor Deibson Charles Silva Farias disse que essa foi a experi\u00eancia mais bonita p\u00f3s-obra da carreira dele, al\u00e9m de ser a sua primeira vez na Sala Martins Pena. \u201cEstou muito orgulhoso de trabalhar aqui e deixar esse teatro bonito para todos\u201d, afirmou.<\/p>\n<p>A engenheira Monyque Milhomem disse que, durante a obra, os trabalhadores brincavam de encerrarem os trabalhos com uma encena\u00e7\u00e3o teatral. O que era s\u00f3 uma brincadeira acabou virando uma surpresa para todos, com o convite para o concerto.<\/p>\n<p>\u201cA gente n\u00e3o esperava nada disso. At\u00e9 brinc\u00e1vamos com o pessoal de fazer uma pe\u00e7a. Quando falaram que ia ter uma orquestra s\u00f3 para gente, ficamos maravilhados e super felizes\u201d, admitiu. \u201cFoi uma experi\u00eancia muito prazerosa fazer parte dessa reforma t\u00e3o grandiosa para Bras\u00edlia.\u201d<\/p>\n<p>Para o engenheiro Fabr\u00edcio Lima Ramiro, voltar ao teatro, agora conclu\u00eddo, foi uma forma de \u201ccolocar \u00e0 prova\u201d tudo que foi feito pelos profissionais. \u201cEst\u00e1vamos bem ansiosos, porque \u00e9 um filho nosso. Estamos entregando uma obra completamente nova e um equipamento p\u00fablico de qualidade para a popula\u00e7\u00e3o\u201d, comentou.<\/p>\n<p><strong>Apresenta\u00e7\u00e3o<\/strong><br \/>\nO concerto Sinfonia do Concreto foi conduzido pela Orquestra Sinf\u00f4nica do Teatro Nacional Claudio Santoro, que voltou ao espa\u00e7o ap\u00f3s 11 anos \u2013 a \u00faltima temporada do grupo no complexo cultural foi em dezembro de 2013.<\/p>\n<p>\u201cFazemos esse concerto com muita alegria e satisfa\u00e7\u00e3o, porque essas pessoas possibilitaram com o seu trabalho que esse espa\u00e7o fosse entregue aqui com a excel\u00eancia que ele merece\u201d, afirmou o maestro Claudio Cohen.<\/p>\n<p>\u201cEnt\u00e3o nada mais justo do que para n\u00f3s da Orquestra Sinf\u00f4nica fazer esse concerto de agradecimento pelo esfor\u00e7o e obviamente agradecer o GDF por ter se empenhando em trazer de volta essa sala\u201d, complementou.<\/p>\n<p>A orquestra apresentou um repert\u00f3rio bem diversificado, com composi\u00e7\u00f5es do maestro Claudio Santoro, cl\u00e1ssicos nacionais de Carlos Gomes, Villa-Lobos, Luiz Gonzaga e Ari Barroso e internacionais de Smetana e Voorjak e can\u00e7\u00f5es natalinas. O tenor Thiago Arancam tamb\u00e9m participou do show fazendo uma participa\u00e7\u00e3o especial.<\/p>\n<p>A solenidade contou, ainda, com a presen\u00e7a autoridades locais, como a vice-governadora Celina Le\u00e3o; o secret\u00e1rio de Governo, Jos\u00e9 Humberto Pires de Ara\u00fajo; o presidente da Companhia Urbanizadora da Nova Capital (Novacap), Fernando Leite; o secret\u00e1rio de Cultura e Economia Criativa, Claudio Abrantes; e o secret\u00e1rio de Obras e Infraestrutura, Valter Casimiro.<\/p>\n<p><strong>Exposi\u00e7\u00e3o<\/strong><br \/>\nEm celebra\u00e7\u00e3o \u00e0 reinaugura\u00e7\u00e3o, o Museu Nacional da Rep\u00fablica Honestino Guimar\u00e3es cedeu parte do acervo fotogr\u00e1fico de Mila Petrillo para a exposi\u00e7\u00e3o Encena\u00e7\u00f5es, em cartaz em uma \u00e1rea do foyer da Sala Martins Pena.<\/p>\n<p>A mostra presta uma homenagem ao Teatro Nacional, com imagens da fot\u00f3grafa feita durante as d\u00e9cadas de 1980, 1990 e 2000, que capturam espet\u00e1culos de dan\u00e7a e teatro. A curadoria \u00e9 de Fran Favero, diretora do museu.<\/p>\n<p><strong>Restauro<\/strong><br \/>\nA primeira etapa da reforma do Teatro Nacional abrangeu adequa\u00e7\u00e3o da infraestrutura para as diretrizes atuais e a recupera\u00e7\u00e3o da sala Martins Pena | Foto: Joel Rodrigues\/Ag\u00eancia Bras\u00edlia<\/p>\n<p>A obra de restaura\u00e7\u00e3o teve in\u00edcio pelo Governo do Distrito Federal (GDF) em dezembro de 2022 pela Sala Martins Pena e seu respectivo foyer. A viabilidade da reforma s\u00f3 ocorreu depois que este GDF decidiu fracionar o projeto em quatro etapas.<\/p>\n<p>Com investimento de R$ 70 milh\u00f5es por meio da Companhia Urbanizadora da Nova Capital (Novacap) e da Secretaria de Cultura e Economia Criativa (Secec-DF), a primeira etapa consistiu na adequa\u00e7\u00e3o da infraestrutura para as diretrizes atuais, bem como a recupera\u00e7\u00e3o da sala Martins Pena.<\/p>\n<p>Ser\u00e3o investidos R$ 315 milh\u00f5es na pr\u00f3xima fase da obra, que teve o edital de licita\u00e7\u00e3o divulgado nesta quarta-feira no Di\u00e1rio Oficial do Distrito Federal (DODF). O projeto inclui a Sala Villa-Lobos, o Espa\u00e7o Dercy Gon\u00e7alves, a Sala Alberto Nepomuceno e o foyer da Villa-Lobos.<\/p>\n","protected":false},"excerpt":{"rendered":"<p>Coube aos oper\u00e1rios e aos servidores dos \u00f3rg\u00e3os do Governo do Distrito Federal (GDF) que trabalharam na obra de restauro do Teatro Nacional Claudio Santoro o privil\u00e9gio de serem os primeiros a assistirem um espet\u00e1culo teste na Sala Martins Pena. Batizada de Sinfonia do Concreto, a a\u00e7\u00e3o desta quarta-feira (18) faz parte da programa\u00e7\u00e3o de [&hellip;]<\/p>\n","protected":false},"author":2,"featured_media":343433,"comment_status":"closed","ping_status":"closed","sticky":false,"template":"","format":"standard","meta":{"_acf_changed":false,"footnotes":""},"categories":[161],"tags":[],"class_list":["post-343432","post","type-post","status-publish","format-standard","has-post-thumbnail","hentry","category-quadradinho-em-foco"],"acf":[],"_links":{"self":[{"href":"https:\/\/www.notibras.com\/site\/wp-json\/wp\/v2\/posts\/343432","targetHints":{"allow":["GET"]}}],"collection":[{"href":"https:\/\/www.notibras.com\/site\/wp-json\/wp\/v2\/posts"}],"about":[{"href":"https:\/\/www.notibras.com\/site\/wp-json\/wp\/v2\/types\/post"}],"author":[{"embeddable":true,"href":"https:\/\/www.notibras.com\/site\/wp-json\/wp\/v2\/users\/2"}],"replies":[{"embeddable":true,"href":"https:\/\/www.notibras.com\/site\/wp-json\/wp\/v2\/comments?post=343432"}],"version-history":[{"count":1,"href":"https:\/\/www.notibras.com\/site\/wp-json\/wp\/v2\/posts\/343432\/revisions"}],"predecessor-version":[{"id":343434,"href":"https:\/\/www.notibras.com\/site\/wp-json\/wp\/v2\/posts\/343432\/revisions\/343434"}],"wp:featuredmedia":[{"embeddable":true,"href":"https:\/\/www.notibras.com\/site\/wp-json\/wp\/v2\/media\/343433"}],"wp:attachment":[{"href":"https:\/\/www.notibras.com\/site\/wp-json\/wp\/v2\/media?parent=343432"}],"wp:term":[{"taxonomy":"category","embeddable":true,"href":"https:\/\/www.notibras.com\/site\/wp-json\/wp\/v2\/categories?post=343432"},{"taxonomy":"post_tag","embeddable":true,"href":"https:\/\/www.notibras.com\/site\/wp-json\/wp\/v2\/tags?post=343432"}],"curies":[{"name":"wp","href":"https:\/\/api.w.org\/{rel}","templated":true}]}}