{"id":343438,"date":"2024-12-19T06:49:10","date_gmt":"2024-12-19T09:49:10","guid":{"rendered":"https:\/\/www.notibras.com\/site\/?p=343438"},"modified":"2024-12-19T07:51:40","modified_gmt":"2024-12-19T10:51:40","slug":"bolsa-familia-alivia-bolso-de-beneficiario-nordestino-com-nis-final-8","status":"publish","type":"post","link":"https:\/\/www.notibras.com\/site\/bolsa-familia-alivia-bolso-de-beneficiario-nordestino-com-nis-final-8\/","title":{"rendered":"Bolsa Fam\u00edlia alivia bolso de benefici\u00e1rio nordestino com NIS final 8"},"content":{"rendered":"<p>A Caixa Econ\u00f4mica Federal paga nesta quinta-feira (19) a parcela de dezembro do novo Bolsa Fam\u00edlia aos benefici\u00e1rios com N\u00famero de Inscri\u00e7\u00e3o Social (NIS) de final 8.<\/p>\n<p>O valor m\u00ednimo corresponde a R$ 600, mas com o novo adicional o valor m\u00e9dio do benef\u00edcio sobe para R$ 678,36. Segundo o Minist\u00e9rio do Desenvolvimento e Assist\u00eancia Social, neste m\u00eas o programa de transfer\u00eancia de renda do Governo Federal alcan\u00e7ar\u00e1 20,81 milh\u00f5es de fam\u00edlias, com gasto de R$ 14,07 bilh\u00f5es.<\/p>\n<p>Al\u00e9m do benef\u00edcio m\u00ednimo, h\u00e1 o pagamento de tr\u00eas adicionais. O Benef\u00edcio Vari\u00e1vel Familiar Nutriz paga seis parcelas de R$ 50 a m\u00e3es de beb\u00eas de at\u00e9 seis meses de idade, para garantir a alimenta\u00e7\u00e3o da crian\u00e7a. O Bolsa Fam\u00edlia tamb\u00e9m paga um acr\u00e9scimo de R$ 50 a fam\u00edlias com gestantes e filhos de 7 a 18 anos e outro, de R$ 150, a fam\u00edlias com crian\u00e7as de at\u00e9 6 anos.<\/p>\n<p>No modelo tradicional do Bolsa Fam\u00edlia, o pagamento ocorre nos \u00faltimos dez dias \u00fateis de cada m\u00eas. O benefici\u00e1rio poder\u00e1 consultar informa\u00e7\u00f5es sobre as datas de pagamento, o valor do benef\u00edcio e a composi\u00e7\u00e3o das parcelas no aplicativo Caixa Tem, usado para acompanhar as contas poupan\u00e7a digitais do banco.<\/p>\n<p>A partir deste ano, os benefici\u00e1rios do Bolsa Fam\u00edlia n\u00e3o t\u00eam mais o desconto do Seguro Defeso. A mudan\u00e7a foi estabelecida pela Lei 14.601\/2023, que resgatou o Programa Bolsa Fam\u00edlia (PBF). O Seguro Defeso \u00e9 pago a pessoas que sobrevivem exclusivamente da pesca artesanal e que n\u00e3o podem exercer a atividade durante o per\u00edodo da piracema (reprodu\u00e7\u00e3o dos peixes).<\/p>\n","protected":false},"excerpt":{"rendered":"<p>A Caixa Econ\u00f4mica Federal paga nesta quinta-feira (19) a parcela de dezembro do novo Bolsa Fam\u00edlia aos benefici\u00e1rios com N\u00famero de Inscri\u00e7\u00e3o Social (NIS) de final 8. O valor m\u00ednimo corresponde a R$ 600, mas com o novo adicional o valor m\u00e9dio do benef\u00edcio sobe para R$ 678,36. Segundo o Minist\u00e9rio do Desenvolvimento e Assist\u00eancia [&hellip;]<\/p>\n","protected":false},"author":2,"featured_media":343439,"comment_status":"closed","ping_status":"closed","sticky":false,"template":"","format":"standard","meta":{"_acf_changed":false,"footnotes":""},"categories":[165],"tags":[],"class_list":["post-343438","post","type-post","status-publish","format-standard","has-post-thumbnail","hentry","category-nordeste"],"acf":[],"_links":{"self":[{"href":"https:\/\/www.notibras.com\/site\/wp-json\/wp\/v2\/posts\/343438","targetHints":{"allow":["GET"]}}],"collection":[{"href":"https:\/\/www.notibras.com\/site\/wp-json\/wp\/v2\/posts"}],"about":[{"href":"https:\/\/www.notibras.com\/site\/wp-json\/wp\/v2\/types\/post"}],"author":[{"embeddable":true,"href":"https:\/\/www.notibras.com\/site\/wp-json\/wp\/v2\/users\/2"}],"replies":[{"embeddable":true,"href":"https:\/\/www.notibras.com\/site\/wp-json\/wp\/v2\/comments?post=343438"}],"version-history":[{"count":1,"href":"https:\/\/www.notibras.com\/site\/wp-json\/wp\/v2\/posts\/343438\/revisions"}],"predecessor-version":[{"id":343440,"href":"https:\/\/www.notibras.com\/site\/wp-json\/wp\/v2\/posts\/343438\/revisions\/343440"}],"wp:featuredmedia":[{"embeddable":true,"href":"https:\/\/www.notibras.com\/site\/wp-json\/wp\/v2\/media\/343439"}],"wp:attachment":[{"href":"https:\/\/www.notibras.com\/site\/wp-json\/wp\/v2\/media?parent=343438"}],"wp:term":[{"taxonomy":"category","embeddable":true,"href":"https:\/\/www.notibras.com\/site\/wp-json\/wp\/v2\/categories?post=343438"},{"taxonomy":"post_tag","embeddable":true,"href":"https:\/\/www.notibras.com\/site\/wp-json\/wp\/v2\/tags?post=343438"}],"curies":[{"name":"wp","href":"https:\/\/api.w.org\/{rel}","templated":true}]}}