{"id":343441,"date":"2024-12-19T08:04:51","date_gmt":"2024-12-19T11:04:51","guid":{"rendered":"https:\/\/www.notibras.com\/site\/?p=343441"},"modified":"2024-12-19T08:04:51","modified_gmt":"2024-12-19T11:04:51","slug":"aprovados-planos-contra-desmatamento-na-caatinga","status":"publish","type":"post","link":"https:\/\/www.notibras.com\/site\/aprovados-planos-contra-desmatamento-na-caatinga\/","title":{"rendered":"Aprovados planos contra desmatamento na Caatinga"},"content":{"rendered":"<p>O governo federal aprovou nesta quarta-feira (18) os planos de A\u00e7\u00e3o para Preven\u00e7\u00e3o e Controle do Desmatamento e das Queimadas na Caatinga. A a\u00e7\u00e3o ser\u00e1 implementada a partir do ano que vem nos nove estados do Nordeste.<\/p>\n<p>As medidas foram apresentadas na reuni\u00e3o da Comiss\u00e3o Interministerial Permanente de Preven\u00e7\u00e3o e Controle do Desmatamento, comandada pelo vice-presidente e ministro do Desenvolvimento, Ind\u00fastria, Com\u00e9rcio e Servi\u00e7os, Geraldo Alckmin, no Pal\u00e1cio do Planalto.<\/p>\n<p>As iniciativas somam-se aos j\u00e1 existentes planos para o Cerrado (PPCerrado) e a Amaz\u00f4nia (PPCDAm), este \u00faltimo implementado em 2004, no primeiro mandato do presidente Luiz In\u00e1cio Lula da Silva. Com isso, todos os biomas est\u00e3o cobertos pelas pol\u00edticas p\u00fablicas.<\/p>\n<p>\u201cBaseados em evid\u00eancias cient\u00edficas e embasados por semin\u00e1rios t\u00e9cnico-cient\u00edficos, os planos refor\u00e7am a abordagem de pol\u00edticas p\u00fablicas fundamentadas em dados concretos e an\u00e1lises robustas\u201d, explicou o Minist\u00e9rio do Meio Ambiente em comunicado.<\/p>\n<p>O combate ao desmatamento \u00e9 resultado da articula\u00e7\u00e3o do governo federal com os estados. Um marco importante foi firmado com os governadores da regi\u00e3o conhecida como Matopiba, que engloba \u00e1reas agr\u00edcolas nas fronteiras dos estados do Maranh\u00e3o, Tocantins, Piau\u00ed e Bahia. O pacto \u00e9 voltado ao controle do desmatamento ilegal, com \u00eanfase no monitoramento e fiscaliza\u00e7\u00e3o de im\u00f3veis com os maiores \u00edndices de desmatamento registrados em 2023, com base no Cadastro Ambiental Rural (CAR).<\/p>\n<p>\u201cS\u00e3o biomas que t\u00eam uma \u00e1rea importante de desmatamento que acontece em \u00e1reas privadas, ent\u00e3o o controle \u00e9 feito sobretudo pelos \u00f3rg\u00e3os estaduais\u201d, explicou Lima. \u201cNa Amaz\u00f4nia, o trabalho mais forte, um Desafio maior, s\u00e3o em \u00e1reas p\u00fablicas, florestas p\u00fablicas n\u00e3o destinadas, assentamentos, que correspondem a mais de dois ter\u00e7os dos desmatamentos na regi\u00e3o\u201d, informa a pasta o Meio Ambiente.<\/p>\n","protected":false},"excerpt":{"rendered":"<p>O governo federal aprovou nesta quarta-feira (18) os planos de A\u00e7\u00e3o para Preven\u00e7\u00e3o e Controle do Desmatamento e das Queimadas na Caatinga. A a\u00e7\u00e3o ser\u00e1 implementada a partir do ano que vem nos nove estados do Nordeste. As medidas foram apresentadas na reuni\u00e3o da Comiss\u00e3o Interministerial Permanente de Preven\u00e7\u00e3o e Controle do Desmatamento, comandada pelo [&hellip;]<\/p>\n","protected":false},"author":2,"featured_media":343442,"comment_status":"closed","ping_status":"closed","sticky":false,"template":"","format":"standard","meta":{"_acf_changed":false,"footnotes":""},"categories":[165],"tags":[],"class_list":["post-343441","post","type-post","status-publish","format-standard","has-post-thumbnail","hentry","category-nordeste"],"acf":[],"_links":{"self":[{"href":"https:\/\/www.notibras.com\/site\/wp-json\/wp\/v2\/posts\/343441","targetHints":{"allow":["GET"]}}],"collection":[{"href":"https:\/\/www.notibras.com\/site\/wp-json\/wp\/v2\/posts"}],"about":[{"href":"https:\/\/www.notibras.com\/site\/wp-json\/wp\/v2\/types\/post"}],"author":[{"embeddable":true,"href":"https:\/\/www.notibras.com\/site\/wp-json\/wp\/v2\/users\/2"}],"replies":[{"embeddable":true,"href":"https:\/\/www.notibras.com\/site\/wp-json\/wp\/v2\/comments?post=343441"}],"version-history":[{"count":1,"href":"https:\/\/www.notibras.com\/site\/wp-json\/wp\/v2\/posts\/343441\/revisions"}],"predecessor-version":[{"id":343443,"href":"https:\/\/www.notibras.com\/site\/wp-json\/wp\/v2\/posts\/343441\/revisions\/343443"}],"wp:featuredmedia":[{"embeddable":true,"href":"https:\/\/www.notibras.com\/site\/wp-json\/wp\/v2\/media\/343442"}],"wp:attachment":[{"href":"https:\/\/www.notibras.com\/site\/wp-json\/wp\/v2\/media?parent=343441"}],"wp:term":[{"taxonomy":"category","embeddable":true,"href":"https:\/\/www.notibras.com\/site\/wp-json\/wp\/v2\/categories?post=343441"},{"taxonomy":"post_tag","embeddable":true,"href":"https:\/\/www.notibras.com\/site\/wp-json\/wp\/v2\/tags?post=343441"}],"curies":[{"name":"wp","href":"https:\/\/api.w.org\/{rel}","templated":true}]}}