{"id":343444,"date":"2024-12-19T00:00:16","date_gmt":"2024-12-19T03:00:16","guid":{"rendered":"https:\/\/www.notibras.com\/site\/?p=343444"},"modified":"2024-12-19T08:11:42","modified_gmt":"2024-12-19T11:11:42","slug":"nordestino-relata-menor-renda-e-inseguranca-alimentar-apos-pandemia","status":"publish","type":"post","link":"https:\/\/www.notibras.com\/site\/nordestino-relata-menor-renda-e-inseguranca-alimentar-apos-pandemia\/","title":{"rendered":"Nordestino relata menor renda e inseguran\u00e7a alimentar ap\u00f3s pandemia"},"content":{"rendered":"<p>A pesquisa Epicovid 2.0: Inqu\u00e9rito nacional para avalia\u00e7\u00e3o da real dimens\u00e3o da pandemia de Covid-19 no Brasil, realizada pelo Minist\u00e9rio da Sa\u00fade, mostra que 48,6% dos brasileiros (mais da metade desse percentual vivendo no Nodeste) relataram redu\u00e7\u00e3o na renda devido \u00e0 pandemia e 47,4% enfrentaram inseguran\u00e7a alimentar, ou seja, pessoas que n\u00e3o tinham a garantia de prover seu alimento diariamente.<\/p>\n<p>Os impactos foram mais frequentes nos mais pobres e nos domic\u00edlios chefiados por mulheres. Cerca de 34,9% das pessoas perderam o emprego e 21,5% interromperam os estudos durante a pandemia. Segundo o estudo, 14,7% dos entrevistados registraram morte de um familiar devido \u00e0 Covid-19.<\/p>\n<p>A pesquisa mostra que mais de 28% da popula\u00e7\u00e3o brasileira, o equivalente a 60 milh\u00f5es de pessoas, relatou ter sido infectada pela doen\u00e7a.<\/p>\n","protected":false},"excerpt":{"rendered":"<p>A pesquisa Epicovid 2.0: Inqu\u00e9rito nacional para avalia\u00e7\u00e3o da real dimens\u00e3o da pandemia de Covid-19 no Brasil, realizada pelo Minist\u00e9rio da Sa\u00fade, mostra que 48,6% dos brasileiros (mais da metade desse percentual vivendo no Nodeste) relataram redu\u00e7\u00e3o na renda devido \u00e0 pandemia e 47,4% enfrentaram inseguran\u00e7a alimentar, ou seja, pessoas que n\u00e3o tinham a garantia [&hellip;]<\/p>\n","protected":false},"author":2,"featured_media":343445,"comment_status":"closed","ping_status":"closed","sticky":false,"template":"","format":"standard","meta":{"_acf_changed":false,"footnotes":""},"categories":[165],"tags":[],"class_list":["post-343444","post","type-post","status-publish","format-standard","has-post-thumbnail","hentry","category-nordeste"],"acf":[],"_links":{"self":[{"href":"https:\/\/www.notibras.com\/site\/wp-json\/wp\/v2\/posts\/343444","targetHints":{"allow":["GET"]}}],"collection":[{"href":"https:\/\/www.notibras.com\/site\/wp-json\/wp\/v2\/posts"}],"about":[{"href":"https:\/\/www.notibras.com\/site\/wp-json\/wp\/v2\/types\/post"}],"author":[{"embeddable":true,"href":"https:\/\/www.notibras.com\/site\/wp-json\/wp\/v2\/users\/2"}],"replies":[{"embeddable":true,"href":"https:\/\/www.notibras.com\/site\/wp-json\/wp\/v2\/comments?post=343444"}],"version-history":[{"count":1,"href":"https:\/\/www.notibras.com\/site\/wp-json\/wp\/v2\/posts\/343444\/revisions"}],"predecessor-version":[{"id":343446,"href":"https:\/\/www.notibras.com\/site\/wp-json\/wp\/v2\/posts\/343444\/revisions\/343446"}],"wp:featuredmedia":[{"embeddable":true,"href":"https:\/\/www.notibras.com\/site\/wp-json\/wp\/v2\/media\/343445"}],"wp:attachment":[{"href":"https:\/\/www.notibras.com\/site\/wp-json\/wp\/v2\/media?parent=343444"}],"wp:term":[{"taxonomy":"category","embeddable":true,"href":"https:\/\/www.notibras.com\/site\/wp-json\/wp\/v2\/categories?post=343444"},{"taxonomy":"post_tag","embeddable":true,"href":"https:\/\/www.notibras.com\/site\/wp-json\/wp\/v2\/tags?post=343444"}],"curies":[{"name":"wp","href":"https:\/\/api.w.org\/{rel}","templated":true}]}}