{"id":343475,"date":"2024-12-20T05:30:48","date_gmt":"2024-12-20T08:30:48","guid":{"rendered":"https:\/\/www.notibras.com\/site\/?p=343475"},"modified":"2024-12-20T05:31:54","modified_gmt":"2024-12-20T08:31:54","slug":"thamis-e-iemanja-se-dao-as-maos-para-combater-predador-moral-do-df","status":"publish","type":"post","link":"https:\/\/www.notibras.com\/site\/thamis-e-iemanja-se-dao-as-maos-para-combater-predador-moral-do-df\/","title":{"rendered":"Thamis e Iemanj\u00e1 se d\u00e3o as m\u00e3os para combater predador moral do DF"},"content":{"rendered":"<p data-pm-slice=\"1 1 []\">Na escurid\u00e3o que envolve o Lago Parano\u00e1, onde as carpas costumam dan\u00e7ar sob a luz do luar, Thamis, a deusa da Justi\u00e7a, desceu \u00e0 terra com sua balan\u00e7a reluzente. Ao seu lado, Iemanj\u00e1, a rainha das \u00e1guas, emergiu graciosamente, com o vestido feito de espumas e os cabelos adornados por algas. As duas divindades, t\u00e3o diferentes em reinos e miss\u00f5es, entrela\u00e7aram as m\u00e3os em um pacto inusitado: proteger a sociedade brasiliense de um predador que n\u00e3o \u00e9 peixe, mas um homem.<\/p>\n<p>Robalo \u00e9 o nome que lhe deram, um estelionat\u00e1rio astuto e voraz, que navega por Bras\u00edlia como se fosse seu aqu\u00e1rio privado. Ele \u00e9 o mestre dos disfarces e das palavras suaves, capaz de convencer o dono de um restaurante a entregar-lhe o cofre ou de ludibriar um empres\u00e1rio para vender-lhe um im\u00f3vel que nunca existiu. Como as carpas do lago, ele \u00e9 abundante, mas sua fartura vem do sofrimento alheio.<\/p>\n<p>Os relatos de suas trapa\u00e7as chegaram a Thamis como um turbilh\u00e3o de vozes clamando por justi\u00e7a. A deusa sentiu o peso de cada v\u00edtima em sua balan\u00e7a, que oscilou sob a carga de tantas vidas destru\u00eddas. J\u00e1 Iemanj\u00e1, ao ouvir os lamentos das v\u00edtimas, descobriu que a gan\u00e2ncia de Robalo estava contaminando n\u00e3o apenas as pessoas, mas tamb\u00e9m a categoria que ele, terr\u00e1queo mortal, enlameou.<\/p>\n<p>&#8220;N\u00e3o h\u00e1 correnteza que ele n\u00e3o tente atravessar para fugir da Justi\u00e7a&#8221;, comentou Iemanj\u00e1, enquanto observava as suaves ondas dan\u00e7arem sob seus p\u00e9s. &#8220;Mas n\u00e3o h\u00e1 mentira que minha balan\u00e7a n\u00e3o pese&#8221;, respondeu Thamis, firme. Juntas, as duas elaboraram um plano.<\/p>\n<p>Robalo caminhava pelas vias bem tra\u00e7adas da capital da Rep\u00fablica, confiante e prepotente. Ele estava prestes a fechar mais um de seus golpes, desta vez contra uma mulher. Dela ele queria o carro, que seria repassado a um agenciador. Mas algo na atmosfera pareceu diferente. O ar estava mais denso, e as ruas agitadas. De repente, uma brisa fria soprou, e uma figura emergiu diante do golpista: Thamis, com os olhos brilhando como estrelas, segurava sua espada em uma m\u00e3o e a balan\u00e7a na outra.<\/p>\n<p>&#8220;Robalo, suas fraudes n\u00e3o passar\u00e3o mais despercebidas&#8221;, anunciou Thamis com voz poderosa. Antes que o estelionat\u00e1rio pudesse reagir, surgiu Iemanj\u00e1, cercada por uma mir\u00edade de peixes que pareciam observ\u00e1-lo com reprova\u00e7\u00e3o. &#8220;Voc\u00ea contaminou a pr\u00f3pria classe, sujou a sociedade, e agora enfrentar\u00e1 seu julgamento&#8221;.<\/p>\n<p>Preso entre a justi\u00e7a terrena de Thamis e a for\u00e7a primordial de Iemanj\u00e1, Robalo n\u00e3o ter\u00e1 para onde fugir. Sua eloqu\u00eancia, que tantas vezes o salvou, est\u00e1 sendo abafada \u00e9 abafada pela ira das suas v\u00edtimas e pelo eco das verdades reveladas. Ele ser\u00e1 levado ao tribunal dos homens para que suas trapa\u00e7as sejam desfeitas e sua rede de mentiras, desmantelada.<\/p>\n<p>Quando mais um dia amanhecer, as grades estar\u00e3o esperando por Robalo. Thamis ter\u00e1 retornado ao seu reino, Iemanj\u00e1 mergulhar\u00e1 novamente nas profundezas do Parano\u00e1, e o povo de Bras\u00edlia nunca esquecer\u00e1 que um predador da sociedade foi enjaulado. A isca foi lan\u00e7ada. Robalo caiu na rede como piaba. Suicida moral em potencial, o malandro vai amargar a trag\u00e9dia que provocou na pr\u00f3pria esp\u00e9cie. Para as v\u00edtimas, ficou a certeza que, mesmo em tempos sombrios, a esperan\u00e7a pode renascer como a luz do sol sobre o espelho d&#8217;\u00e1gua artificial da cidade.<\/p>\n","protected":false},"excerpt":{"rendered":"<p>Na escurid\u00e3o que envolve o Lago Parano\u00e1, onde as carpas costumam dan\u00e7ar sob a luz do luar, Thamis, a deusa da Justi\u00e7a, desceu \u00e0 terra com sua balan\u00e7a reluzente. Ao seu lado, Iemanj\u00e1, a rainha das \u00e1guas, emergiu graciosamente, com o vestido feito de espumas e os cabelos adornados por algas. As duas divindades, t\u00e3o [&hellip;]<\/p>\n","protected":false},"author":2,"featured_media":343477,"comment_status":"closed","ping_status":"closed","sticky":false,"template":"","format":"standard","meta":{"_acf_changed":false,"footnotes":""},"categories":[161],"tags":[95],"class_list":["post-343475","post","type-post","status-publish","format-standard","has-post-thumbnail","hentry","category-quadradinho-em-foco","tag-capa"],"acf":[],"_links":{"self":[{"href":"https:\/\/www.notibras.com\/site\/wp-json\/wp\/v2\/posts\/343475","targetHints":{"allow":["GET"]}}],"collection":[{"href":"https:\/\/www.notibras.com\/site\/wp-json\/wp\/v2\/posts"}],"about":[{"href":"https:\/\/www.notibras.com\/site\/wp-json\/wp\/v2\/types\/post"}],"author":[{"embeddable":true,"href":"https:\/\/www.notibras.com\/site\/wp-json\/wp\/v2\/users\/2"}],"replies":[{"embeddable":true,"href":"https:\/\/www.notibras.com\/site\/wp-json\/wp\/v2\/comments?post=343475"}],"version-history":[{"count":3,"href":"https:\/\/www.notibras.com\/site\/wp-json\/wp\/v2\/posts\/343475\/revisions"}],"predecessor-version":[{"id":343479,"href":"https:\/\/www.notibras.com\/site\/wp-json\/wp\/v2\/posts\/343475\/revisions\/343479"}],"wp:featuredmedia":[{"embeddable":true,"href":"https:\/\/www.notibras.com\/site\/wp-json\/wp\/v2\/media\/343477"}],"wp:attachment":[{"href":"https:\/\/www.notibras.com\/site\/wp-json\/wp\/v2\/media?parent=343475"}],"wp:term":[{"taxonomy":"category","embeddable":true,"href":"https:\/\/www.notibras.com\/site\/wp-json\/wp\/v2\/categories?post=343475"},{"taxonomy":"post_tag","embeddable":true,"href":"https:\/\/www.notibras.com\/site\/wp-json\/wp\/v2\/tags?post=343475"}],"curies":[{"name":"wp","href":"https:\/\/api.w.org\/{rel}","templated":true}]}}