{"id":343488,"date":"2024-12-20T07:20:55","date_gmt":"2024-12-20T10:20:55","guid":{"rendered":"https:\/\/www.notibras.com\/site\/?p=343488"},"modified":"2024-12-21T06:11:44","modified_gmt":"2024-12-21T09:11:44","slug":"gilvan-pastor-jogador-ferrenho-em-campo-homem-docil-na-praia","status":"publish","type":"post","link":"https:\/\/www.notibras.com\/site\/gilvan-pastor-jogador-ferrenho-em-campo-homem-docil-na-praia\/","title":{"rendered":"Gilvan Pastor, jogador ferrenho em campo, homem d\u00f3cil na praia"},"content":{"rendered":"<p>Gilvan Pastor. Para quem viveu as d\u00e9cadas de 60 e 70 e amava futebol, o nome ainda ressoa como sin\u00f4nimos de for\u00e7a, garra e talento. Um zagueiro que desafiou as conven\u00e7\u00f5es da \u00e9poca, jogando n\u00e3o apenas para defender, mas para marcar gols \u2014 com a cabe\u00e7a ou com a precis\u00e3o cir\u00fargica de suas cobran\u00e7as de faltas.<\/p>\n<p>Nas tardes ensolaradas de domingo, os est\u00e1dios se transformavam em palco. E Gilvan, com seu 1,90m, era a estrela. A torcida vibrava n\u00e3o apenas pela sua habilidade de desarmar os advers\u00e1rios, mas pelo esp\u00edrito aguerrido que carregava em cada disputa de bola. Quando subia para cabecear, parecia desafiar a lei da gravidade. Era como se o tempo parasse, os olhares fixos nele, at\u00e9 que a bola beijasse a rede e o est\u00e1dio explodisse em comemora\u00e7\u00e3o.<\/p>\n<p>Gilvan n\u00e3o era apenas um jogador; era um s\u00edmbolo. Um zagueiro que avan\u00e7ou em uma era que valorizou mais o recuo do que o ataque. Ele provou que era poss\u00edvel unir uma solidez defensiva \u00e0 ousadia ofensiva. E como era admirado! Os meninos da \u00e9poca imitavam suas brincadeiras nos campos de terra batida, enquanto os narradores de r\u00e1dio o apelidavam de &#8220;Gigante&#8221;.<\/p>\n<p>Hoje, aos 85 anos, a rotina de Gilvan \u00e9 outra. N\u00e3o h\u00e1 mais a press\u00e3o de um cl\u00e1ssico, mas h\u00e1 o conforto do conv\u00edvio com a fam\u00edlia nas praias do Nordeste. Ap\u00f3s pendurar as chuteiras, foi atr\u00e1s de outro sonho: tornou-se advogado. Trocaram-se os gramados pelos tribunais, mas a mesma retid\u00e3o que o fez respeitado no futebol o transformou em um respeitado profissional do campo do Direito.<\/p>\n<p>Gilvan gosta de caminhar na areia ao amanhecer, sentir o vento no rosto e ouvir o som das ondas. De vez em quando, \u00e9 parado por algu\u00e9m que o reconhece e pede para relembrar um dos seus feitos hist\u00f3ricos. Ele sorri, modesto, mas os olhos brilham, como se as mem\u00f3rias ainda presentes fossem atuais.<\/p>\n<p>Sua hist\u00f3ria \u00e9 uma cr\u00f4nica de tempos heroicos, quando o futebol era puro, a paix\u00e3o era genu\u00edna e os \u00eddolos se eternizavam pelo que faziam em campo e fora dele. Gilvan Pastor, o zagueiro que marcou gols e fez hist\u00f3ria, hoje vive outra partida: a da vida bem-vivida. Uma partida onde a vit\u00f3ria \u00e9 compartilhar momentos com quem ama e receber o carinho de quem nunca o esqueceu.<\/p>\n","protected":false},"excerpt":{"rendered":"<p>Gilvan Pastor. Para quem viveu as d\u00e9cadas de 60 e 70 e amava futebol, o nome ainda ressoa como sin\u00f4nimos de for\u00e7a, garra e talento. Um zagueiro que desafiou as conven\u00e7\u00f5es da \u00e9poca, jogando n\u00e3o apenas para defender, mas para marcar gols \u2014 com a cabe\u00e7a ou com a precis\u00e3o cir\u00fargica de suas cobran\u00e7as de [&hellip;]<\/p>\n","protected":false},"author":2,"featured_media":343489,"comment_status":"closed","ping_status":"closed","sticky":false,"template":"","format":"standard","meta":{"_acf_changed":false,"footnotes":""},"categories":[165],"tags":[],"class_list":["post-343488","post","type-post","status-publish","format-standard","has-post-thumbnail","hentry","category-nordeste"],"acf":[],"_links":{"self":[{"href":"https:\/\/www.notibras.com\/site\/wp-json\/wp\/v2\/posts\/343488","targetHints":{"allow":["GET"]}}],"collection":[{"href":"https:\/\/www.notibras.com\/site\/wp-json\/wp\/v2\/posts"}],"about":[{"href":"https:\/\/www.notibras.com\/site\/wp-json\/wp\/v2\/types\/post"}],"author":[{"embeddable":true,"href":"https:\/\/www.notibras.com\/site\/wp-json\/wp\/v2\/users\/2"}],"replies":[{"embeddable":true,"href":"https:\/\/www.notibras.com\/site\/wp-json\/wp\/v2\/comments?post=343488"}],"version-history":[{"count":3,"href":"https:\/\/www.notibras.com\/site\/wp-json\/wp\/v2\/posts\/343488\/revisions"}],"predecessor-version":[{"id":343548,"href":"https:\/\/www.notibras.com\/site\/wp-json\/wp\/v2\/posts\/343488\/revisions\/343548"}],"wp:featuredmedia":[{"embeddable":true,"href":"https:\/\/www.notibras.com\/site\/wp-json\/wp\/v2\/media\/343489"}],"wp:attachment":[{"href":"https:\/\/www.notibras.com\/site\/wp-json\/wp\/v2\/media?parent=343488"}],"wp:term":[{"taxonomy":"category","embeddable":true,"href":"https:\/\/www.notibras.com\/site\/wp-json\/wp\/v2\/categories?post=343488"},{"taxonomy":"post_tag","embeddable":true,"href":"https:\/\/www.notibras.com\/site\/wp-json\/wp\/v2\/tags?post=343488"}],"curies":[{"name":"wp","href":"https:\/\/api.w.org\/{rel}","templated":true}]}}