{"id":343503,"date":"2024-12-20T06:08:37","date_gmt":"2024-12-20T09:08:37","guid":{"rendered":"https:\/\/www.notibras.com\/site\/?p=343503"},"modified":"2024-12-20T08:11:11","modified_gmt":"2024-12-20T11:11:11","slug":"carreta-que-ia-de-alagoas-para-pernambuco-capota-e-motorista-morre","status":"publish","type":"post","link":"https:\/\/www.notibras.com\/site\/carreta-que-ia-de-alagoas-para-pernambuco-capota-e-motorista-morre\/","title":{"rendered":"Carreta que ia de Alagoas para Pernambuco capota e motorista morre"},"content":{"rendered":"<p>Uma trag\u00e9dia lament\u00e1ve no amanhecer desta sexta-feira, 20: uma carreta que ia de Alagoas para Pernambuco tombou na BR-101, matando o motorista.<\/p>\n<p>O acidente revela os riscos enfrentados por quem trabalha nas estradas. Segundo a Pol\u00edcia Rodovi\u00e1ria Federal, o ve\u00edculo, que transportava cal, capotou capotou ap\u00f3s o motorista perder o controle da dire\u00e7\u00e3o.<\/p>\n<p>O Corpo de Bombeiros e o Samu foram acionados para o resgate e desencarceramento do corpo.<\/p>\n<p>Esse tipo de ocorr\u00eancia refor\u00e7a a import\u00e2ncia de medidas de seguran\u00e7a, manuten\u00e7\u00e3o preventiva dos ve\u00edculos e aten\u00e7\u00e3o constante dos motoristas para evitar acidentes dessa natureza.<\/p>\n","protected":false},"excerpt":{"rendered":"<p>Uma trag\u00e9dia lament\u00e1ve no amanhecer desta sexta-feira, 20: uma carreta que ia de Alagoas para Pernambuco tombou na BR-101, matando o motorista. O acidente revela os riscos enfrentados por quem trabalha nas estradas. Segundo a Pol\u00edcia Rodovi\u00e1ria Federal, o ve\u00edculo, que transportava cal, capotou capotou ap\u00f3s o motorista perder o controle da dire\u00e7\u00e3o. O Corpo [&hellip;]<\/p>\n","protected":false},"author":2,"featured_media":343504,"comment_status":"closed","ping_status":"closed","sticky":false,"template":"","format":"standard","meta":{"_acf_changed":false,"footnotes":""},"categories":[165],"tags":[],"class_list":["post-343503","post","type-post","status-publish","format-standard","has-post-thumbnail","hentry","category-nordeste"],"acf":[],"_links":{"self":[{"href":"https:\/\/www.notibras.com\/site\/wp-json\/wp\/v2\/posts\/343503","targetHints":{"allow":["GET"]}}],"collection":[{"href":"https:\/\/www.notibras.com\/site\/wp-json\/wp\/v2\/posts"}],"about":[{"href":"https:\/\/www.notibras.com\/site\/wp-json\/wp\/v2\/types\/post"}],"author":[{"embeddable":true,"href":"https:\/\/www.notibras.com\/site\/wp-json\/wp\/v2\/users\/2"}],"replies":[{"embeddable":true,"href":"https:\/\/www.notibras.com\/site\/wp-json\/wp\/v2\/comments?post=343503"}],"version-history":[{"count":1,"href":"https:\/\/www.notibras.com\/site\/wp-json\/wp\/v2\/posts\/343503\/revisions"}],"predecessor-version":[{"id":343505,"href":"https:\/\/www.notibras.com\/site\/wp-json\/wp\/v2\/posts\/343503\/revisions\/343505"}],"wp:featuredmedia":[{"embeddable":true,"href":"https:\/\/www.notibras.com\/site\/wp-json\/wp\/v2\/media\/343504"}],"wp:attachment":[{"href":"https:\/\/www.notibras.com\/site\/wp-json\/wp\/v2\/media?parent=343503"}],"wp:term":[{"taxonomy":"category","embeddable":true,"href":"https:\/\/www.notibras.com\/site\/wp-json\/wp\/v2\/categories?post=343503"},{"taxonomy":"post_tag","embeddable":true,"href":"https:\/\/www.notibras.com\/site\/wp-json\/wp\/v2\/tags?post=343503"}],"curies":[{"name":"wp","href":"https:\/\/api.w.org\/{rel}","templated":true}]}}