{"id":343506,"date":"2024-12-20T00:14:09","date_gmt":"2024-12-20T03:14:09","guid":{"rendered":"https:\/\/www.notibras.com\/site\/?p=343506"},"modified":"2024-12-20T08:19:58","modified_gmt":"2024-12-20T11:19:58","slug":"lei-muda-e-agricultura-usara-drones-para-uso-de-agrotoxicos","status":"publish","type":"post","link":"https:\/\/www.notibras.com\/site\/lei-muda-e-agricultura-usara-drones-para-uso-de-agrotoxicos\/","title":{"rendered":"Lei muda e agricultura usar\u00e1 drones para uso de agrot\u00f3xicos"},"content":{"rendered":"<p>O Governo do Cear\u00e1 sancionou uma nova lei que autoriza o uso de drones para aplica\u00e7\u00e3o de agrot\u00f3xicos, marcando uma mudan\u00e7a significativa na legisla\u00e7\u00e3o estadual. A san\u00e7\u00e3o, publicada no Di\u00e1rio Oficial nesta quinta-feira (19), modifica a Lei Z\u00e9 Maria do Tom\u00e9, que desde 2019 proibia a sobrecarga a\u00e9rea de agrot\u00f3xicos em todo o estado.<\/p>\n<p>O projeto de lei foi apresentado pelo deputado Felipe Mota (Uni\u00e3o Brasil) e aprovado na Assembleia Legislativa com 22 votos a favor, nove contr\u00e1rios e uma absten\u00e7\u00e3o. Apesar de ser iniciativa de oposi\u00e7\u00e3o, a proposta contornou o apoio da base aliada ao governo do estado.<\/p>\n<p>A Lei Z\u00e9 Maria do Tom\u00e9, pioneira no Brasil, foi sancionada em 2019 e tornou o Cear\u00e1 o primeiro estado a proibir a frequ\u00eancia a\u00e9rea de agrot\u00f3xicos. Essa legisla\u00e7\u00e3o foi uma iniciativa do deputado Renato Roseno (Psol), com coautoria do atual governador Elmano de Freitas, na \u00e9poca tamb\u00e9m deputado. A lei teve respaldo do Supremo Tribunal Federal, que rejeitou uma a\u00e7\u00e3o da Confedera\u00e7\u00e3o da Agricultura e Pecu\u00e1ria do Brasil (CNA).<\/p>\n<p>Desde ent\u00e3o, a Lei Z\u00e9 Maria do Tom\u00e9 influenciou outros estados, como Par\u00e1 e Maranh\u00e3o, a apresentar projetos semelhantes. A nova legisla\u00e7\u00e3o que autoriza os drones representa uma flexibiliza\u00e7\u00e3o estrat\u00e9gica, permitindo um m\u00e9todo mais direcionado e tecnicamente menos impactante em compara\u00e7\u00e3o com a precipita\u00e7\u00e3o de agrot\u00f3xicos por outros meios.<\/p>\n<p>Essa mudan\u00e7a gera debates sobre os impactos ambientais e sociais do uso de agrot\u00f3xicos, bem como sobre as vantagens tecnol\u00f3gicas trazidas pelo uso de drones.<\/p>\n","protected":false},"excerpt":{"rendered":"<p>O Governo do Cear\u00e1 sancionou uma nova lei que autoriza o uso de drones para aplica\u00e7\u00e3o de agrot\u00f3xicos, marcando uma mudan\u00e7a significativa na legisla\u00e7\u00e3o estadual. A san\u00e7\u00e3o, publicada no Di\u00e1rio Oficial nesta quinta-feira (19), modifica a Lei Z\u00e9 Maria do Tom\u00e9, que desde 2019 proibia a sobrecarga a\u00e9rea de agrot\u00f3xicos em todo o estado. O [&hellip;]<\/p>\n","protected":false},"author":2,"featured_media":271766,"comment_status":"closed","ping_status":"closed","sticky":false,"template":"","format":"standard","meta":{"_acf_changed":false,"footnotes":""},"categories":[165],"tags":[],"class_list":["post-343506","post","type-post","status-publish","format-standard","has-post-thumbnail","hentry","category-nordeste"],"acf":[],"_links":{"self":[{"href":"https:\/\/www.notibras.com\/site\/wp-json\/wp\/v2\/posts\/343506","targetHints":{"allow":["GET"]}}],"collection":[{"href":"https:\/\/www.notibras.com\/site\/wp-json\/wp\/v2\/posts"}],"about":[{"href":"https:\/\/www.notibras.com\/site\/wp-json\/wp\/v2\/types\/post"}],"author":[{"embeddable":true,"href":"https:\/\/www.notibras.com\/site\/wp-json\/wp\/v2\/users\/2"}],"replies":[{"embeddable":true,"href":"https:\/\/www.notibras.com\/site\/wp-json\/wp\/v2\/comments?post=343506"}],"version-history":[{"count":1,"href":"https:\/\/www.notibras.com\/site\/wp-json\/wp\/v2\/posts\/343506\/revisions"}],"predecessor-version":[{"id":343507,"href":"https:\/\/www.notibras.com\/site\/wp-json\/wp\/v2\/posts\/343506\/revisions\/343507"}],"wp:featuredmedia":[{"embeddable":true,"href":"https:\/\/www.notibras.com\/site\/wp-json\/wp\/v2\/media\/271766"}],"wp:attachment":[{"href":"https:\/\/www.notibras.com\/site\/wp-json\/wp\/v2\/media?parent=343506"}],"wp:term":[{"taxonomy":"category","embeddable":true,"href":"https:\/\/www.notibras.com\/site\/wp-json\/wp\/v2\/categories?post=343506"},{"taxonomy":"post_tag","embeddable":true,"href":"https:\/\/www.notibras.com\/site\/wp-json\/wp\/v2\/tags?post=343506"}],"curies":[{"name":"wp","href":"https:\/\/api.w.org\/{rel}","templated":true}]}}