{"id":343508,"date":"2024-12-20T08:28:19","date_gmt":"2024-12-20T11:28:19","guid":{"rendered":"https:\/\/www.notibras.com\/site\/?p=343508"},"modified":"2024-12-20T08:30:42","modified_gmt":"2024-12-20T11:30:42","slug":"marido-da-dona-irene-e-o-escritor-favorito-dela","status":"publish","type":"post","link":"https:\/\/www.notibras.com\/site\/marido-da-dona-irene-e-o-escritor-favorito-dela\/","title":{"rendered":"Marido da Dona Irene \u00e9 o escritor favorito dela"},"content":{"rendered":"<p>N\u00e3o raro, algu\u00e9m me pergunta se a Dona Irene \u00e9 doida. \u00c9 at\u00e9 estranho ouvir isso, pois doideira maior seria se ela n\u00e3o existisse. Na certa, o meu mundo se tornaria um t\u00e9dio.<\/p>\n<p>Ap\u00f3s todos esses anos de conv\u00edvio, fui praticamente arrancado da toca onde eu insistia em viver. Calma, que explico!<\/p>\n<p>Sou escritor. Ali\u00e1s, como a minha mulher insiste que eu diga: &#8220;Sou escritor!&#8221; Mas nem sempre foi assim t\u00e3o f\u00e1cil, pois h\u00e1 pessoas que imaginam que essa profiss\u00e3o est\u00e1 restrita a raros nomes, muitas vezes nem lidos, mas sempre mencionados. Talvez por conta disso ou algo que at\u00e9 hoje n\u00e3o consegui entender, tivemos o seguinte interl\u00fadio:<\/p>\n<p>\u2014 Edu, voc\u00ea precisa voltar a escrever.<\/p>\n<p>\u2014 N\u00e3o. Isso j\u00e1 passou.<\/p>\n<p>\u2014 \u00d3bvio que n\u00e3o!<\/p>\n<p>Nisso, a Dona Irene me puxou pelo bra\u00e7o e me fez encarar a minha imagem refletida no amplo espelho da sala.<\/p>\n<p>\u2014 T\u00e1 vendo esse cara a\u00ed?<\/p>\n<p>\u2014 Sim.<\/p>\n<p>\u2014 Pois bem! E voc\u00ea sabe quem \u00e9 ele?<\/p>\n<p>\u2014 Hum&#8230; Eu?<\/p>\n<p>\u2014 Esse a\u00ed \u00e9 o Eduardo Mart\u00ednez!<\/p>\n<p>\u2014 E da\u00ed?<\/p>\n<p>\u2014 Da\u00ed que voc\u00ea est\u00e1 diante do meu escritor favorito! Ent\u00e3o, \u00e9 melhor voc\u00ea passar a trat\u00e1-lo muito bem a partir de hoje.<\/p>\n<p>\u00c9 engra\u00e7ado como a minha esposa consegue ser t\u00e3o persuasiva. Tanto \u00e9 que, desde ent\u00e3o, voltei a escrever ap\u00f3s quase uma d\u00e9cada de inatividade. N\u00e3o sei se a Dona Irene havia percebido que a literatura faz parte da minha vida desde sempre ou, ent\u00e3o, \u00e9 algo que ela, hoje, adora falar toda vez que me apresenta aos seus amigos:<\/p>\n<p>\u2014 Este \u00e9 o Eduardo Mart\u00ednez, meu escritor favorito. Ah, ele tamb\u00e9m \u00e9 o meu marido.<\/p>\n<p>&#8230;&#8230;&#8230;&#8230;&#8230;&#8230;&#8230;&#8230;&#8230;&#8230;<\/p>\n<div>*<strong>Eduardo Mart\u00ednez \u00e9 autor do livro \u201c57 Contos e Cr\u00f4nicas por um Autor muito Velho\u201d.<\/strong><\/div>\n<div>\n<div class=\"mvp-post-soc-in\">\n<div id=\"mvp-content-body\" class=\"left relative\">\n<div id=\"mvp-content-body-top\" class=\"left relative\">\n<div id=\"mvp-content-main\" class=\"left relative\">\n<p>Compre aqui\u00a0<span class=\"x19la9d6 x1fc57z9 x6ikm8r x10wlt62 x19co3pv x1g5zs5t xfibh0p xiy17q3 x1xsqp64 x1lkfr7t xexx8yu x4uap5 x18d9i69 xkhd6sd\"><span class=\"xrtxmta x1bhl96m\"><img decoding=\"async\" class=\"emoji\" role=\"img\" draggable=\"false\" src=\"https:\/\/s.w.org\/images\/core\/emoji\/14.0.0\/svg\/1f447-1f3ff.svg\" alt=\"&#x1f447;&#x1f3ff;\" \/><\/span><\/span><span class=\"x19la9d6 x1fc57z9 x6ikm8r x10wlt62 x19co3pv x1g5zs5t xfibh0p xiy17q3 x1xsqp64 x1lkfr7t xexx8yu x4uap5 x18d9i69 xkhd6sd\"><span class=\"xrtxmta x1bhl96m\"><img decoding=\"async\" class=\"emoji\" role=\"img\" draggable=\"false\" src=\"https:\/\/s.w.org\/images\/core\/emoji\/14.0.0\/svg\/1f447-1f3ff.svg\" alt=\"&#x1f447;&#x1f3ff;\" \/><\/span><\/span><span class=\"x19la9d6 x1fc57z9 x6ikm8r x10wlt62 x19co3pv x1g5zs5t xfibh0p xiy17q3 x1xsqp64 x1lkfr7t xexx8yu x4uap5 x18d9i69 xkhd6sd\"><span class=\"xrtxmta x1bhl96m\"><img decoding=\"async\" class=\"emoji\" role=\"img\" draggable=\"false\" src=\"https:\/\/s.w.org\/images\/core\/emoji\/14.0.0\/svg\/1f447-1f3ff.svg\" alt=\"&#x1f447;&#x1f3ff;\" \/><\/span><\/span><\/p>\n<p><a href=\"http:\/\/www.joanineditora.com.br\/57-contos-e-cronicas-por-um-autor-muito-velho\">http:\/\/www.joanineditora.com.br\/57-contos-e-cronicas-por-um-autor-muito-velho<\/a><\/p>\n<\/div>\n<\/div>\n<\/div>\n<\/div>\n<\/div>\n<div id=\"wpdevar_comment_4\"><\/div>\n","protected":false},"excerpt":{"rendered":"<p>N\u00e3o raro, algu\u00e9m me pergunta se a Dona Irene \u00e9 doida. \u00c9 at\u00e9 estranho ouvir isso, pois doideira maior seria se ela n\u00e3o existisse. Na certa, o meu mundo se tornaria um t\u00e9dio. Ap\u00f3s todos esses anos de conv\u00edvio, fui praticamente arrancado da toca onde eu insistia em viver. Calma, que explico! Sou escritor. Ali\u00e1s, [&hellip;]<\/p>\n","protected":false},"author":2,"featured_media":343509,"comment_status":"closed","ping_status":"closed","sticky":false,"template":"","format":"standard","meta":{"_acf_changed":false,"footnotes":""},"categories":[161],"tags":[],"class_list":["post-343508","post","type-post","status-publish","format-standard","has-post-thumbnail","hentry","category-quadradinho-em-foco"],"acf":[],"_links":{"self":[{"href":"https:\/\/www.notibras.com\/site\/wp-json\/wp\/v2\/posts\/343508","targetHints":{"allow":["GET"]}}],"collection":[{"href":"https:\/\/www.notibras.com\/site\/wp-json\/wp\/v2\/posts"}],"about":[{"href":"https:\/\/www.notibras.com\/site\/wp-json\/wp\/v2\/types\/post"}],"author":[{"embeddable":true,"href":"https:\/\/www.notibras.com\/site\/wp-json\/wp\/v2\/users\/2"}],"replies":[{"embeddable":true,"href":"https:\/\/www.notibras.com\/site\/wp-json\/wp\/v2\/comments?post=343508"}],"version-history":[{"count":3,"href":"https:\/\/www.notibras.com\/site\/wp-json\/wp\/v2\/posts\/343508\/revisions"}],"predecessor-version":[{"id":343512,"href":"https:\/\/www.notibras.com\/site\/wp-json\/wp\/v2\/posts\/343508\/revisions\/343512"}],"wp:featuredmedia":[{"embeddable":true,"href":"https:\/\/www.notibras.com\/site\/wp-json\/wp\/v2\/media\/343509"}],"wp:attachment":[{"href":"https:\/\/www.notibras.com\/site\/wp-json\/wp\/v2\/media?parent=343508"}],"wp:term":[{"taxonomy":"category","embeddable":true,"href":"https:\/\/www.notibras.com\/site\/wp-json\/wp\/v2\/categories?post=343508"},{"taxonomy":"post_tag","embeddable":true,"href":"https:\/\/www.notibras.com\/site\/wp-json\/wp\/v2\/tags?post=343508"}],"curies":[{"name":"wp","href":"https:\/\/api.w.org\/{rel}","templated":true}]}}