{"id":343513,"date":"2024-12-20T00:34:05","date_gmt":"2024-12-20T03:34:05","guid":{"rendered":"https:\/\/www.notibras.com\/site\/?p=343513"},"modified":"2024-12-20T08:37:39","modified_gmt":"2024-12-20T11:37:39","slug":"praca-tera-area-de-convivencia-espaco-para-pets-e-quadras-esportivas","status":"publish","type":"post","link":"https:\/\/www.notibras.com\/site\/praca-tera-area-de-convivencia-espaco-para-pets-e-quadras-esportivas\/","title":{"rendered":"Pra\u00e7a ter\u00e1 \u00e1rea de conviv\u00eancia, espa\u00e7o para pets e quadras esportivas"},"content":{"rendered":"<p>A pra\u00e7a da QE 56, localizada no Guar\u00e1, passar\u00e1 por uma reforma para ganhar novas \u00e1reas de conviv\u00eancia arborizadas e equipamentos de lazer. O projeto, elaborado pela Terracap, foi aprovado pela Portaria n\u00ba 141 da Secretaria de Desenvolvimento Urbano e Habita\u00e7\u00e3o e publicado no Di\u00e1rio Oficial do Distrito Federal.<\/p>\n<p>A iniciativa tem como objetivo transformar o espa\u00e7o p\u00fablico em uma \u00e1rea acolhedora para a popula\u00e7\u00e3o local. Para isso, a pra\u00e7a ser\u00e1 dividida em quatro zonas principais: um espa\u00e7o de perman\u00eancia, \u00e1rea esportiva com duas quadras de areia, um espa\u00e7o para pets e um parquinho infantil.<\/p>\n<p><strong>Interven\u00e7\u00f5es planejadas<\/strong><br \/>\nO espa\u00e7o de perman\u00eancia ser\u00e1 localizado na parte mais alta da pra\u00e7a, com mesas de concreto, uma p\u00e9rgola e arboriza\u00e7\u00e3o. As demais \u00e1reas estar\u00e3o conectadas por caminhos internos, cercados por canteiros gramados.<\/p>\n<p>O parquinho infantil contar\u00e1 com brinquedos amplos, incluindo op\u00e7\u00f5es acess\u00edveis para cadeirantes. Ele ser\u00e1 delimitado por um banco circular, que servir\u00e1 de apoio para os cuidadores das crian\u00e7as, e cercado por um pomar de amoreiras, cajuzinhos-do-cerrado e faveiros.<\/p>\n<p>A \u00e1rea esportiva ter\u00e1 duas quadras de areia e bancos laterais para o conforto dos espectadores. Elas ser\u00e3o cercadas, garantindo seguran\u00e7a para os usu\u00e1rios. J\u00e1 o espa\u00e7o para pets ser\u00e1 revestido com grama batatais, adequada para atividades ao ar livre e resistente ao uso intenso.<\/p>\n<p><strong>Arboriza\u00e7\u00e3o<\/strong><br \/>\nO projeto prev\u00ea o plantio de \u00e1rvores de m\u00e9dio e grande porte, como pau-ferro, vinh\u00e1tico, angico-branco, sucupira do cerrado, oiti e cabeleira, com o objetivo de proporcionar sombreamento nos caminhos e nas \u00e1reas de conviv\u00eancia.<\/p>\n<p>Al\u00e9m disso, a pra\u00e7a ser\u00e1 equipada com paraciclos, lixeiras e bancos com encosto, oferecendo conforto e funcionalidade para os usu\u00e1rios.<\/p>\n<p>Ap\u00f3s a publica\u00e7\u00e3o da portaria no DODF, a Seduh notificar\u00e1 oficialmente a Terracap sobre a aprova\u00e7\u00e3o do projeto. A partir da\u00ed, a empresa poder\u00e1 solicitar a permiss\u00e3o para a execu\u00e7\u00e3o da obra na Central de Aprova\u00e7\u00e3o de Projetos (CAP) da pasta.<\/p>\n","protected":false},"excerpt":{"rendered":"<p>A pra\u00e7a da QE 56, localizada no Guar\u00e1, passar\u00e1 por uma reforma para ganhar novas \u00e1reas de conviv\u00eancia arborizadas e equipamentos de lazer. O projeto, elaborado pela Terracap, foi aprovado pela Portaria n\u00ba 141 da Secretaria de Desenvolvimento Urbano e Habita\u00e7\u00e3o e publicado no Di\u00e1rio Oficial do Distrito Federal. A iniciativa tem como objetivo transformar [&hellip;]<\/p>\n","protected":false},"author":2,"featured_media":343514,"comment_status":"closed","ping_status":"closed","sticky":false,"template":"","format":"standard","meta":{"_acf_changed":false,"footnotes":""},"categories":[161],"tags":[],"class_list":["post-343513","post","type-post","status-publish","format-standard","has-post-thumbnail","hentry","category-quadradinho-em-foco"],"acf":[],"_links":{"self":[{"href":"https:\/\/www.notibras.com\/site\/wp-json\/wp\/v2\/posts\/343513","targetHints":{"allow":["GET"]}}],"collection":[{"href":"https:\/\/www.notibras.com\/site\/wp-json\/wp\/v2\/posts"}],"about":[{"href":"https:\/\/www.notibras.com\/site\/wp-json\/wp\/v2\/types\/post"}],"author":[{"embeddable":true,"href":"https:\/\/www.notibras.com\/site\/wp-json\/wp\/v2\/users\/2"}],"replies":[{"embeddable":true,"href":"https:\/\/www.notibras.com\/site\/wp-json\/wp\/v2\/comments?post=343513"}],"version-history":[{"count":1,"href":"https:\/\/www.notibras.com\/site\/wp-json\/wp\/v2\/posts\/343513\/revisions"}],"predecessor-version":[{"id":343515,"href":"https:\/\/www.notibras.com\/site\/wp-json\/wp\/v2\/posts\/343513\/revisions\/343515"}],"wp:featuredmedia":[{"embeddable":true,"href":"https:\/\/www.notibras.com\/site\/wp-json\/wp\/v2\/media\/343514"}],"wp:attachment":[{"href":"https:\/\/www.notibras.com\/site\/wp-json\/wp\/v2\/media?parent=343513"}],"wp:term":[{"taxonomy":"category","embeddable":true,"href":"https:\/\/www.notibras.com\/site\/wp-json\/wp\/v2\/categories?post=343513"},{"taxonomy":"post_tag","embeddable":true,"href":"https:\/\/www.notibras.com\/site\/wp-json\/wp\/v2\/tags?post=343513"}],"curies":[{"name":"wp","href":"https:\/\/api.w.org\/{rel}","templated":true}]}}