{"id":343516,"date":"2024-12-20T00:00:35","date_gmt":"2024-12-20T03:00:35","guid":{"rendered":"https:\/\/www.notibras.com\/site\/?p=343516"},"modified":"2024-12-20T08:44:37","modified_gmt":"2024-12-20T11:44:37","slug":"recuperacao-e-renovacao-de-pastagens-degradadas-e-tema-de-curso-on-line","status":"publish","type":"post","link":"https:\/\/www.notibras.com\/site\/recuperacao-e-renovacao-de-pastagens-degradadas-e-tema-de-curso-on-line\/","title":{"rendered":"Recupera\u00e7\u00e3o e renova\u00e7\u00e3o de pastagens degradadas \u00e9 tema de curso on-line"},"content":{"rendered":"<p>A nova capacita\u00e7\u00e3o on-line &#8220;Recupera\u00e7\u00e3o e Renova\u00e7\u00e3o de Pastagens Degradadas no Cerrado&#8221;, dispon\u00edvel na plataforma e-Campo, da Embrapa, \u00e9 um espa\u00e7o de aprendizagem sobre o diagn\u00f3stico da degrada\u00e7\u00e3o e sobre as estrat\u00e9gias que auxiliam na escolha de solu\u00e7\u00f5es sustent\u00e1veis e adequadas para recupera\u00e7\u00e3o dos diferentes n\u00edveis de degrada\u00e7\u00e3o do solo nos pastos do Cerrado.<\/p>\n<p>Desenvolvida pela Embrapa Cerrados (DF), a capacita\u00e7\u00e3o \u00e9 gratuita e voltada a produtores rurais, t\u00e9cnicos extensionistas, consultores, professores, gestores p\u00fablicos, estudantes e demais interessados no tema. As inscri\u00e7\u00f5es s\u00e3o realizadas no link <a href=\"https:\/\/ava.sede.embrapa.br\/course\/view.php?id=513\">https:\/\/ava.sede.embrapa.br\/course\/view.php?id=513<\/a>.<\/p>\n<p>Com carga hor\u00e1ria de 50 horas, a capacita\u00e7\u00e3o \u00e9 coordenada pelo pesquisador Luiz Adriano Cordeiro e tamb\u00e9m tem como palestrantes os pesquisadores Giovana Maciel, Gustavo Braga, Lourival Vilela, J\u00falio C\u00e9sar dos Reis, N\u00fabia Correia, Roberto Alves e Rob\u00e9lio March\u00e3o, todos da Embrapa Cerrados.<\/p>\n<p>O conte\u00fado foi estruturado em dois m\u00f3dulos. O m\u00f3dulo b\u00e1sico cont\u00e9m aulas sobre degrada\u00e7\u00e3o de pastagens (causas, est\u00e1gios e diagn\u00f3stico); gram\u00edneas forrageiras para o Bioma Cerrado; estrat\u00e9gias de recupera\u00e7\u00e3o e renova\u00e7\u00e3o de pastagens no Cerrado; manejo do pastejo; uso do aplicativo Pasto Certo; e corre\u00e7\u00e3o do solo e aduba\u00e7\u00e3o de pastagens.<\/p>\n<p>J\u00e1 o m\u00f3dulo avan\u00e7ado \u00e9 composto por aulas sobre an\u00e1lise econ\u00f4mica de estrat\u00e9gias de recupera\u00e7\u00e3o e renova\u00e7\u00e3o de pastagens; sistemas de Integra\u00e7\u00e3o Lavoura-Pecu\u00e1ria; manejo de plantas daninhas em pastagens; manejo de insetos-pragas em pastagens; protocolos de certifica\u00e7\u00e3o de pecu\u00e1ria de baixa emiss\u00e3o de carbono; e manejo do solo e sua qualidade em \u00e1reas de pastagens.<\/p>\n<p>Al\u00e9m de ter acesso \u00e0s aulas, o aluno poder\u00e1 baixar gratuitamente diversas publica\u00e7\u00f5es, entre elas o folder Estrat\u00e9gias de Recupera\u00e7\u00e3o e Renova\u00e7\u00e3o de Pastagens Degradadas no Cerrado.<\/p>\n<p>A capacita\u00e7\u00e3o on-line \u00e9 autoinstrucional (sem tutoria), podendo ser feita em qualquer dia e hor\u00e1rio. O aluno que obtiver 70% dos pontos no conjunto de atividades obrigat\u00f3rias e preencher a avalia\u00e7\u00e3o de satisfa\u00e7\u00e3o e a enquete inicial receber\u00e1, gratuitamente, um certificado de conclus\u00e3o assinado pela Embrapa. A emiss\u00e3o do certificado estar\u00e1 dispon\u00edvel somente se a nota m\u00ednima exigida e os demais requisitos para aprova\u00e7\u00e3o tiverem sido atingidos.<\/p>\n","protected":false},"excerpt":{"rendered":"<p>A nova capacita\u00e7\u00e3o on-line &#8220;Recupera\u00e7\u00e3o e Renova\u00e7\u00e3o de Pastagens Degradadas no Cerrado&#8221;, dispon\u00edvel na plataforma e-Campo, da Embrapa, \u00e9 um espa\u00e7o de aprendizagem sobre o diagn\u00f3stico da degrada\u00e7\u00e3o e sobre as estrat\u00e9gias que auxiliam na escolha de solu\u00e7\u00f5es sustent\u00e1veis e adequadas para recupera\u00e7\u00e3o dos diferentes n\u00edveis de degrada\u00e7\u00e3o do solo nos pastos do Cerrado. Desenvolvida [&hellip;]<\/p>\n","protected":false},"author":2,"featured_media":343517,"comment_status":"closed","ping_status":"closed","sticky":false,"template":"","format":"standard","meta":{"_acf_changed":false,"footnotes":""},"categories":[161],"tags":[],"class_list":["post-343516","post","type-post","status-publish","format-standard","has-post-thumbnail","hentry","category-quadradinho-em-foco"],"acf":[],"_links":{"self":[{"href":"https:\/\/www.notibras.com\/site\/wp-json\/wp\/v2\/posts\/343516","targetHints":{"allow":["GET"]}}],"collection":[{"href":"https:\/\/www.notibras.com\/site\/wp-json\/wp\/v2\/posts"}],"about":[{"href":"https:\/\/www.notibras.com\/site\/wp-json\/wp\/v2\/types\/post"}],"author":[{"embeddable":true,"href":"https:\/\/www.notibras.com\/site\/wp-json\/wp\/v2\/users\/2"}],"replies":[{"embeddable":true,"href":"https:\/\/www.notibras.com\/site\/wp-json\/wp\/v2\/comments?post=343516"}],"version-history":[{"count":1,"href":"https:\/\/www.notibras.com\/site\/wp-json\/wp\/v2\/posts\/343516\/revisions"}],"predecessor-version":[{"id":343518,"href":"https:\/\/www.notibras.com\/site\/wp-json\/wp\/v2\/posts\/343516\/revisions\/343518"}],"wp:featuredmedia":[{"embeddable":true,"href":"https:\/\/www.notibras.com\/site\/wp-json\/wp\/v2\/media\/343517"}],"wp:attachment":[{"href":"https:\/\/www.notibras.com\/site\/wp-json\/wp\/v2\/media?parent=343516"}],"wp:term":[{"taxonomy":"category","embeddable":true,"href":"https:\/\/www.notibras.com\/site\/wp-json\/wp\/v2\/categories?post=343516"},{"taxonomy":"post_tag","embeddable":true,"href":"https:\/\/www.notibras.com\/site\/wp-json\/wp\/v2\/tags?post=343516"}],"curies":[{"name":"wp","href":"https:\/\/api.w.org\/{rel}","templated":true}]}}