{"id":343519,"date":"2024-12-20T00:00:19","date_gmt":"2024-12-20T03:00:19","guid":{"rendered":"https:\/\/www.notibras.com\/site\/?p=343519"},"modified":"2024-12-20T08:52:28","modified_gmt":"2024-12-20T11:52:28","slug":"acao-coordenada-promove-acolhimento-de-pessoas-em-situacao-de-rua","status":"publish","type":"post","link":"https:\/\/www.notibras.com\/site\/acao-coordenada-promove-acolhimento-de-pessoas-em-situacao-de-rua\/","title":{"rendered":"A\u00e7\u00e3o coordenada promove acolhimento de pessoas em situa\u00e7\u00e3o de rua"},"content":{"rendered":"<p>Nesta quinta-feira (19), as a\u00e7\u00f5es de acolhimento que integram o Plano de A\u00e7\u00e3o para a Efetiva\u00e7\u00e3o da Pol\u00edtica Distrital para a Popula\u00e7\u00e3o em Situa\u00e7\u00e3o de Rua ocorreram no Plano Piloto, coordenadas pela Casa Civil do Governo do Distrito Federal (GDF). Durante a opera\u00e7\u00e3o, dez pessoas foram atendidas e receberam ofertas de servi\u00e7os p\u00fablicos nas \u00e1reas de sa\u00fade, qualifica\u00e7\u00e3o e emprego, moradia e acolhimento.<\/p>\n<p>Nos cinco pontos alcan\u00e7ados pela a\u00e7\u00e3o, oito estruturas prec\u00e1rias foram removidas e dois caminh\u00f5es de entulho foram utilizados para recolher os materiais inserv\u00edveis e encaminh\u00e1-los para a Unidade de Recebimento de Entulho (URE), do Servi\u00e7o de Limpeza Urbana (SLU).<\/p>\n<p>Os trabalhos envolvem as secretarias de Desenvolvimento Social (Sedes), Sa\u00fade (SES), de Educa\u00e7\u00e3o (SEE), Desenvolvimento Econ\u00f4mico Trabalho e Renda (Sedet), Seguran\u00e7a P\u00fablica (SSP), Prote\u00e7\u00e3o da Ordem Urban\u00edstica (DF Legal) e Justi\u00e7a e Cidadania (Sejus), al\u00e9m de Novacap, Servi\u00e7o de Limpeza Urbana (SLU), Codhab, Detran, Pol\u00edcia Militar, Pol\u00edcia Civil, Corpo de Bombeiros Militar e Conselho Tutelar.<\/p>\n<p>\u201cA atua\u00e7\u00e3o di\u00e1ria das equipes que atuam no plano voltado para a popula\u00e7\u00e3o em situa\u00e7\u00e3o de rua apresenta os servi\u00e7os que o governo do Distrito Federal possui para acolh\u00ea-las, seja de capacita\u00e7\u00e3o profissional, de moradia, de oportunidades de emprego. Trabalhamos para colocar em pr\u00e1tica a orienta\u00e7\u00e3o do governador Ibaneis Rocha, de o GDF propiciar uma vida digna a todos na capital do pa\u00eds\u201d, declarou o secret\u00e1rio da Casa Civil do GDF, Gustavo Rocha.<\/p>\n<p>Durante as abordagens, as equipes do GDF oferecem diversos servi\u00e7os p\u00fablicos que incluem sa\u00fade, educa\u00e7\u00e3o, assist\u00eancia social, orienta\u00e7\u00e3o sobre cuidados com animais dom\u00e9sticos e benef\u00edcios como deslocamento interestadual \u2013 al\u00e9m de um aux\u00edlio excepcional de R$ 600 para aqueles sem condi\u00e7\u00f5es de pagar aluguel. Tamb\u00e9m s\u00e3o disponibilizadas vagas em abrigos e programas de qualifica\u00e7\u00e3o profissional, como o RenovaDF e cadastro para unidades habitacionais.<\/p>\n<p><strong>Capital pioneira<\/strong><br \/>\nO Distrito Federal foi a primeira Unidade da Federa\u00e7\u00e3o a apresentar um plano de pol\u00edtica p\u00fablica ap\u00f3s a suspens\u00e3o, pelo Supremo Tribunal Federal, das a\u00e7\u00f5es de abordagem \u00e0 popula\u00e7\u00e3o de rua no \u00faltimo ano. Os trabalhos de acolhimento come\u00e7aram a ser implementados ap\u00f3s uma fase de testes em maio, quando o GDF realizou visitas na Asa Sul e em Taguatinga, atendendo cerca de 50 pessoas com assist\u00eancia social e oferta de servi\u00e7os p\u00fablicos.<\/p>\n","protected":false},"excerpt":{"rendered":"<p>Nesta quinta-feira (19), as a\u00e7\u00f5es de acolhimento que integram o Plano de A\u00e7\u00e3o para a Efetiva\u00e7\u00e3o da Pol\u00edtica Distrital para a Popula\u00e7\u00e3o em Situa\u00e7\u00e3o de Rua ocorreram no Plano Piloto, coordenadas pela Casa Civil do Governo do Distrito Federal (GDF). Durante a opera\u00e7\u00e3o, dez pessoas foram atendidas e receberam ofertas de servi\u00e7os p\u00fablicos nas \u00e1reas [&hellip;]<\/p>\n","protected":false},"author":2,"featured_media":343520,"comment_status":"closed","ping_status":"closed","sticky":false,"template":"","format":"standard","meta":{"_acf_changed":false,"footnotes":""},"categories":[161],"tags":[],"class_list":["post-343519","post","type-post","status-publish","format-standard","has-post-thumbnail","hentry","category-quadradinho-em-foco"],"acf":[],"_links":{"self":[{"href":"https:\/\/www.notibras.com\/site\/wp-json\/wp\/v2\/posts\/343519","targetHints":{"allow":["GET"]}}],"collection":[{"href":"https:\/\/www.notibras.com\/site\/wp-json\/wp\/v2\/posts"}],"about":[{"href":"https:\/\/www.notibras.com\/site\/wp-json\/wp\/v2\/types\/post"}],"author":[{"embeddable":true,"href":"https:\/\/www.notibras.com\/site\/wp-json\/wp\/v2\/users\/2"}],"replies":[{"embeddable":true,"href":"https:\/\/www.notibras.com\/site\/wp-json\/wp\/v2\/comments?post=343519"}],"version-history":[{"count":1,"href":"https:\/\/www.notibras.com\/site\/wp-json\/wp\/v2\/posts\/343519\/revisions"}],"predecessor-version":[{"id":343521,"href":"https:\/\/www.notibras.com\/site\/wp-json\/wp\/v2\/posts\/343519\/revisions\/343521"}],"wp:featuredmedia":[{"embeddable":true,"href":"https:\/\/www.notibras.com\/site\/wp-json\/wp\/v2\/media\/343520"}],"wp:attachment":[{"href":"https:\/\/www.notibras.com\/site\/wp-json\/wp\/v2\/media?parent=343519"}],"wp:term":[{"taxonomy":"category","embeddable":true,"href":"https:\/\/www.notibras.com\/site\/wp-json\/wp\/v2\/categories?post=343519"},{"taxonomy":"post_tag","embeddable":true,"href":"https:\/\/www.notibras.com\/site\/wp-json\/wp\/v2\/tags?post=343519"}],"curies":[{"name":"wp","href":"https:\/\/api.w.org\/{rel}","templated":true}]}}