{"id":343549,"date":"2024-12-21T06:30:16","date_gmt":"2024-12-21T09:30:16","guid":{"rendered":"https:\/\/www.notibras.com\/site\/?p=343549"},"modified":"2024-12-21T15:35:01","modified_gmt":"2024-12-21T18:35:01","slug":"magos-e-sacerdotisas-exploram-o-misticismo-dos-circulos-magicos","status":"publish","type":"post","link":"https:\/\/www.notibras.com\/site\/magos-e-sacerdotisas-exploram-o-misticismo-dos-circulos-magicos\/","title":{"rendered":"Magos e sacerdotisas exploram o misticismo dos C\u00edrculos M\u00e1gicos"},"content":{"rendered":"<p>Em uma noite prateada de Lua Cheia, precisamente \u00e0s 20h00, o Col\u00e9gio dos Magos e Sacerdotisas, com sede em Aldeia, Pernambuco, iniciava os C\u00edrculos M\u00e1gicos, evento virtual reunindo magos, sacerdotisas, iniciados e adeptos das Ci\u00eancias Ocultas para mais uma mesa redonda, na terceira noite do \u201cencontro de bruxos e bruxas\u201d. O evento foi programado para ser realizado nas tr\u00eas \u00faltimas quartas-feiras &#8211; 4, 11 e 18 de dezembro. Eram dias do planeta Merc\u00fario, no interst\u00edcio entre as fases da Lua Nova e Lua Cheia, unindo as vibra\u00e7\u00f5es positivas da Lua com Merc\u00fario, o mensageiro dos Deuses. As honras da casa e a condu\u00e7\u00e3o dos trabalhos seguiram sob os cuidados da Sacerdotisa Claudia Neu.<\/p>\n<p>A Lua simboliza as emo\u00e7\u00f5es mais profundas, as percep\u00e7\u00f5es extra-sensoriais, os instintos, a rela\u00e7\u00e3o com o inconsciente e a fecundidade, em todos os sentidos. Cada fase lunar se conecta com um tipo de energia e, ao acompanhar essas mudan\u00e7as, \u00e9 poss\u00edvel entender melhor os momentos de introspec\u00e7\u00e3o, a\u00e7\u00e3o, renova\u00e7\u00e3o e a\u00e7\u00e3o. Merc\u00fario, por sua vez, est\u00e1 associado ao conhecimento, \u00e0 comunica\u00e7\u00e3o e ao movimento.<\/p>\n<p>Assim como o Ponto, o C\u00edrculo \u00e9 o s\u00edmbolo perfeito da CRIA\u00c7\u00c3O; ambos, C\u00edrculo e Ponto, s\u00e3o sinais supremos da perfei\u00e7\u00e3o, uni\u00e3o e plenitude.<\/p>\n<p>O Ponto representa o centro e a divindade. O C\u00edrculo \u00e9 sin\u00f4nimo de movimento, expans\u00e3o, do fim e do come\u00e7o. Para n\u00f3s, est\u00e1vamos s\u00f3 come\u00e7ando, pois o Col\u00e9gio dos Magos e Sacerdotisas est\u00e1 destinado \u00e0 semeadura, plantando conhecimento em terreno f\u00e9rtil, com a for\u00e7a da Lua. O objetivo da Ordem Col\u00e9gio dos Magos e Sacerdotisas, fundado pelo Mago Geraldo Seabra em Bras\u00edlia, nos idos de 1990, \u00e9 compreender as Leis Universais, o significado da vida e o sentido de nossa exist\u00eancia na Terra.<\/p>\n<p>Iniciamos a primeira noite dos C\u00edrculos M\u00e1gicos, no dia 4, noite de Lua Nova, com o Mantra \u201cNrisinha kavaca: Escudo protetor absoluto do Senhor Nrisimhadeva\u201d, entoado pelo professor e mestre de Yoga Hari Darshana Dasa.<\/p>\n<p>Em seguida, houve a abertura da Mesa Redonda \u201cCorrentes M\u00e1gicas\u201d, com os palestrantes Giovanni Seabra \u2013 \u201cOs Caminhos da Magia\u201d, S\u00edlvia Profumo \u2013 \u201cO Poder do Medo\u201d e Marco Mammoli \u2013 \u201cA Neuroqu\u00edmica da Magia\u201d. Os \u00faltimos trinta minutos foram reservados ao Espa\u00e7o de Di\u00e1logos, quando os participantes tiveram oportunidade para interagir diretamente com os palestrantes.<\/p>\n<p>Dando continuidade aos C\u00edrculos M\u00e1gicos, no dia 11, j\u00e1 na Lua Crescente, foi iniciada a Mesa Redonda \u201cEnergias Sutis e o Esp\u00edrito da Magia\u201d, sob a coordena\u00e7\u00e3o de Claudia Neu. O palestrante Carlos Barbosa, professor-pesquisador e escritor de Yoga, abordou o tema \u201cA busca do equil\u00edbrio no espa\u00e7o m\u00edtico\u201d, no que foi seguido pelo m\u00e9dico e terapeuta Marcos Freire \u2013 \u201cA unidade tao\u00edsta e a pulsa\u00e7\u00e3o yin\/yang\u201d. A coroa\u00e7\u00e3o da grande noite veio com a palestra do Mago Oberon R. R., que discorreu sobre o tema \u201cSacerd\u00f3cio Feminino Universal\u201d. Em seguida foi aberto o Espa\u00e7o de Di\u00e1logos coordenado pela Sacerdotisa Claudia Neu, com a participa\u00e7\u00e3o iluminada dos presentes.<\/p>\n<p>A terceira e \u00faltima noite dos C\u00edrculos M\u00e1gicos, ocorreu no dia 18 de dezembro, iniciada com \u201cC\u00e2ntico de Orumil\u00e1\u201d, entoado pelo Babarolix\u00e1 Anderson Portugu\u00eaz. Conduzida pelo coordenador Tarc\u00edsio C\u00e2ndido, a programa\u00e7\u00e3o seguiu com a Mesa Redonda \u201cAstros e Esp\u00edritos\u201d, composta pelos palestrantes Ruth Valverde \u2013 Terapias do Terceiro Mil\u00eanio; Anderson Portugu\u00eaz &#8211; Merindilogun, o Or\u00e1culo de B\u00fazios: di\u00e1logos ancestrais entre o mundo divino e o mundo vivido; em seguida, para finalizar a mesa redonda, houve a apresenta\u00e7\u00e3o do astr\u00f3logo Haroldo Barros \u2013 Astrologia. Seguiu-se o acalorado Espa\u00e7o de Di\u00e1logos.<\/p>\n<p>Com a ben\u00e7\u00e3o de S\u00e3o Jorge e um vibrante \u201cNamast\u00ea\u201d, Claudia Neu finalizou os C\u00edrculo M\u00e1gicos 2024. Vale lembrar que o C\u00edrculo \u00e9 sin\u00f4nimo de Movimento, da Expans\u00e3o, do Infinito e da Eternidade. Ele abra\u00e7a e inclui o QUADRADO, a Ordem, os Quatro Elementos da Natureza \u2013 Terra, \u00c1gua, Ar e Fogo, e o Microcosmo, a Ess\u00eancia do Ser. C\u00edrculo, Quadrado e Microcosmo est\u00e3o mergulhados no \u00c9ter, a Energia Sutil do Macrocosmo.<\/p>\n<p>Para quem perdeu os C\u00edrculos M\u00e1gicos, nas tr\u00eas grandes oportunidades m\u00e1gicas das mesas redondas, h\u00e1 que manter a esperan\u00e7a de aprender muito sobre as Ci\u00eancia Ocultas, apenas assistindo os v\u00eddeos das palestras dispon\u00edveis no Canal do Youtube do Col\u00e9gio dos Magos e Sacerdotisas. Se liga!<\/p>\n<p>&#8230;&#8230;&#8230;&#8230;&#8230;&#8230;&#8230;..<\/p>\n<p><strong>Giovanni Seabra &#8211; @giovanniseabra.esoterico, \u00e9 Membro Conselheiro do Col\u00e9gio dos Magos e Sacerdotisas &#8211; <\/strong><strong>@colegiodosmagosessacerdotisas<\/strong><\/p>\n","protected":false},"excerpt":{"rendered":"<p>Em uma noite prateada de Lua Cheia, precisamente \u00e0s 20h00, o Col\u00e9gio dos Magos e Sacerdotisas, com sede em Aldeia, Pernambuco, iniciava os C\u00edrculos M\u00e1gicos, evento virtual reunindo magos, sacerdotisas, iniciados e adeptos das Ci\u00eancias Ocultas para mais uma mesa redonda, na terceira noite do \u201cencontro de bruxos e bruxas\u201d. O evento foi programado para [&hellip;]<\/p>\n","protected":false},"author":2,"featured_media":343550,"comment_status":"closed","ping_status":"closed","sticky":false,"template":"","format":"standard","meta":{"_acf_changed":false,"footnotes":""},"categories":[165],"tags":[],"class_list":["post-343549","post","type-post","status-publish","format-standard","has-post-thumbnail","hentry","category-nordeste"],"acf":[],"_links":{"self":[{"href":"https:\/\/www.notibras.com\/site\/wp-json\/wp\/v2\/posts\/343549","targetHints":{"allow":["GET"]}}],"collection":[{"href":"https:\/\/www.notibras.com\/site\/wp-json\/wp\/v2\/posts"}],"about":[{"href":"https:\/\/www.notibras.com\/site\/wp-json\/wp\/v2\/types\/post"}],"author":[{"embeddable":true,"href":"https:\/\/www.notibras.com\/site\/wp-json\/wp\/v2\/users\/2"}],"replies":[{"embeddable":true,"href":"https:\/\/www.notibras.com\/site\/wp-json\/wp\/v2\/comments?post=343549"}],"version-history":[{"count":3,"href":"https:\/\/www.notibras.com\/site\/wp-json\/wp\/v2\/posts\/343549\/revisions"}],"predecessor-version":[{"id":343634,"href":"https:\/\/www.notibras.com\/site\/wp-json\/wp\/v2\/posts\/343549\/revisions\/343634"}],"wp:featuredmedia":[{"embeddable":true,"href":"https:\/\/www.notibras.com\/site\/wp-json\/wp\/v2\/media\/343550"}],"wp:attachment":[{"href":"https:\/\/www.notibras.com\/site\/wp-json\/wp\/v2\/media?parent=343549"}],"wp:term":[{"taxonomy":"category","embeddable":true,"href":"https:\/\/www.notibras.com\/site\/wp-json\/wp\/v2\/categories?post=343549"},{"taxonomy":"post_tag","embeddable":true,"href":"https:\/\/www.notibras.com\/site\/wp-json\/wp\/v2\/tags?post=343549"}],"curies":[{"name":"wp","href":"https:\/\/api.w.org\/{rel}","templated":true}]}}