{"id":343555,"date":"2024-12-21T00:44:36","date_gmt":"2024-12-21T03:44:36","guid":{"rendered":"https:\/\/www.notibras.com\/site\/?p=343555"},"modified":"2024-12-21T06:47:01","modified_gmt":"2024-12-21T09:47:01","slug":"por-ordem-do-supremo-bandidos-vao-ter-vida-mais-digna-nos-presidios","status":"publish","type":"post","link":"https:\/\/www.notibras.com\/site\/por-ordem-do-supremo-bandidos-vao-ter-vida-mais-digna-nos-presidios\/","title":{"rendered":"Por ordem do Supremo, bandidos v\u00e3o ter vida mais digna nos pres\u00eddios"},"content":{"rendered":"<p>O Supremo Tribunal Federal homologou o Plano Pena Justa, elaborado pelo governo federal e o Conselho Nacional de Justi\u00e7a para enfrentar os problemas encontrados nos pres\u00eddios. A quest\u00e3o foi decidida em sess\u00e3o virtual do plen\u00e1rio, que foi encerrada no \u00faltimo dia 19.<\/p>\n<p>O plano foi protocolado em setembro deste ano no \u00e2mbito da a\u00e7\u00e3o na qual o Supremo determinou a elabora\u00e7\u00e3o de um plano nacional de enfrentamento aos problemas dos pres\u00eddios brasileiros, como superlota\u00e7\u00e3o de detentos e disputas entre fac\u00e7\u00f5es.<\/p>\n<p>A determina\u00e7\u00e3o ocorreu em outubro de 2023, quando o STF estabeleceu o estado de coisas inconstitucional nas pris\u00f5es do Brasil. Com a decis\u00e3o, a Uni\u00e3o e os estados foram obrigados a elaborar um plano para enfrentar os problemas do sistema penitenci\u00e1rio.<\/p>\n<p>O Plano Pena Justa \u00e9 composto por quatro eixos que tratam do controle de entrada e das vagas no sistema prisional; qualidade dos servi\u00e7os prestados e da estrutura, reintegra\u00e7\u00e3o social e pol\u00edtica para n\u00e3o repeti\u00e7\u00e3o do estado de inconstitucionalidade apontado pelo STF.<\/p>\n<p>O plano tamb\u00e9m apresenta indicadores e metas para os anos de 2025, 2026 e 2027.<\/p>\n","protected":false},"excerpt":{"rendered":"<p>O Supremo Tribunal Federal homologou o Plano Pena Justa, elaborado pelo governo federal e o Conselho Nacional de Justi\u00e7a para enfrentar os problemas encontrados nos pres\u00eddios. A quest\u00e3o foi decidida em sess\u00e3o virtual do plen\u00e1rio, que foi encerrada no \u00faltimo dia 19. O plano foi protocolado em setembro deste ano no \u00e2mbito da a\u00e7\u00e3o na [&hellip;]<\/p>\n","protected":false},"author":2,"featured_media":343556,"comment_status":"closed","ping_status":"closed","sticky":false,"template":"","format":"standard","meta":{"_acf_changed":false,"footnotes":""},"categories":[165],"tags":[],"class_list":["post-343555","post","type-post","status-publish","format-standard","has-post-thumbnail","hentry","category-nordeste"],"acf":[],"_links":{"self":[{"href":"https:\/\/www.notibras.com\/site\/wp-json\/wp\/v2\/posts\/343555","targetHints":{"allow":["GET"]}}],"collection":[{"href":"https:\/\/www.notibras.com\/site\/wp-json\/wp\/v2\/posts"}],"about":[{"href":"https:\/\/www.notibras.com\/site\/wp-json\/wp\/v2\/types\/post"}],"author":[{"embeddable":true,"href":"https:\/\/www.notibras.com\/site\/wp-json\/wp\/v2\/users\/2"}],"replies":[{"embeddable":true,"href":"https:\/\/www.notibras.com\/site\/wp-json\/wp\/v2\/comments?post=343555"}],"version-history":[{"count":1,"href":"https:\/\/www.notibras.com\/site\/wp-json\/wp\/v2\/posts\/343555\/revisions"}],"predecessor-version":[{"id":343557,"href":"https:\/\/www.notibras.com\/site\/wp-json\/wp\/v2\/posts\/343555\/revisions\/343557"}],"wp:featuredmedia":[{"embeddable":true,"href":"https:\/\/www.notibras.com\/site\/wp-json\/wp\/v2\/media\/343556"}],"wp:attachment":[{"href":"https:\/\/www.notibras.com\/site\/wp-json\/wp\/v2\/media?parent=343555"}],"wp:term":[{"taxonomy":"category","embeddable":true,"href":"https:\/\/www.notibras.com\/site\/wp-json\/wp\/v2\/categories?post=343555"},{"taxonomy":"post_tag","embeddable":true,"href":"https:\/\/www.notibras.com\/site\/wp-json\/wp\/v2\/tags?post=343555"}],"curies":[{"name":"wp","href":"https:\/\/api.w.org\/{rel}","templated":true}]}}