{"id":343576,"date":"2024-12-21T08:01:54","date_gmt":"2024-12-21T11:01:54","guid":{"rendered":"https:\/\/www.notibras.com\/site\/?p=343576"},"modified":"2024-12-21T08:03:04","modified_gmt":"2024-12-21T11:03:04","slug":"do-almoco-em-familia-no-lago-sul-a-um-banho-de-mar-e-pescaria-em-cabo-frio","status":"publish","type":"post","link":"https:\/\/www.notibras.com\/site\/do-almoco-em-familia-no-lago-sul-a-um-banho-de-mar-e-pescaria-em-cabo-frio\/","title":{"rendered":"Do almo\u00e7o em fam\u00edlia no Lago Sul a um banho de mar e pescaria em Cabo Frio"},"content":{"rendered":"<p>Seria apenas mais um almo\u00e7o em fam\u00edlia, no Lago Sul, caso n\u00e3o fosse pelo imbr\u00f3glio envolvendo os dois irm\u00e3os, que j\u00e1 haviam ultrapassado a barreira dos 40 anos. Pedro, o mais velho, contava para os sobrinhos sobre seu tempo de crian\u00e7a, enquanto Paulo enchia o prato pela segunda vez com a macarronada.<\/p>\n<p>No entanto, o homem n\u00e3o deixou de ouvir a voz do irm\u00e3o, ainda mais quando o assunto tamb\u00e9m o envolvia.<\/p>\n<p>\u2014 Seu pai, eu e nosso pai ador\u00e1vamos viajar para Cabo Frio, onde acamp\u00e1vamos bem em frente ao mar.<\/p>\n<p>\u2014 Poxa, tio, que legal!<\/p>\n<p>\u2014 E era mesmo, Juninho. Ainda mais porque am\u00e1vamos ir pescar nas pedras com o papai.<\/p>\n<p>Paulo, ao ouviu aquelas palavras sa\u00eddas dos l\u00e1bios do irm\u00e3o, n\u00e3o resistiu e entrou na conversa.<\/p>\n<p>\u2014 N\u00e3o acreditem em tudo que seu tio diz, crian\u00e7as.<\/p>\n<p>\u2014 Por qu\u00ea, papai?<\/p>\n<p>\u2014 Quem gostava de pescar era o meu pai e seu tio.<\/p>\n<p>Pedro pareceu surpreso com a revela\u00e7\u00e3o. Tanto \u00e9 que tratou logo de contestar a fala do irm\u00e3o.<\/p>\n<p>\u2014 Paulo, que hist\u00f3ria \u00e9 essa? Voc\u00ea nunca me disse que n\u00e3o gostava de pescaria.<\/p>\n<p>\u2014 N\u00e3o \u00e9 que eu n\u00e3o gostasse. Na verdade, eu sempre odiei!<\/p>\n<p>\u2014 U\u00e9, e por que voc\u00ea ia com a gente, ent\u00e3o?<\/p>\n<p>\u2014 E tinha outro jeito?<\/p>\n<p>\u2014 U\u00e9, era s\u00f3 falar.<\/p>\n<p>\u2014 Mas eu falava. O problema \u00e9 que voc\u00ea e o papai nunca me escutavam.<\/p>\n<p>\u2014 N\u00e3o me lembro disso.<\/p>\n<p>\u2014 N\u00e3o?<\/p>\n<p>\u2014 N\u00e3o!<\/p>\n<p>\u2014 Pois eu queria brincar na praia.<\/p>\n<p>\u2014 Ah, mas a gente brincava na praia.<\/p>\n<p>\u2014 Sim, mas depois de passar a manh\u00e3 inteira naquelas pedras. Ainda me lembro de voc\u00ea e o papai se divertindo entre um e outro peixe fisgado, enquanto eu n\u00e3o tirava o olho da praia.<\/p>\n<p>Quase um m\u00eas ap\u00f3s aquele almo\u00e7o, Pedro telefonou para o irm\u00e3o. Ele disse que havia reservado uma casa em frente \u00e0 praia do Per\u00f3. Seria n\u00e3o apenas momento de relembrar o passado t\u00e3o long\u00ednquo, como tamb\u00e9m de repara\u00e7\u00f5es.<\/p>\n<p>Os irm\u00e3os pegaram o avi\u00e3o em Bras\u00edlia e desceram no Rio. L\u00e1, alugaram um carro e rumaram para Cabo Frio. Chegaram ao destino quando j\u00e1 era madrugada. Cansados pela viagem, adormeceram logo ap\u00f3s desfazerem as malas.<\/p>\n<p>Acordaram bem cedo e, animados, correram que nem meninos para a praia. Deram mergulhos, jogaram \u00e1gua um no outro, gargalharam o que h\u00e1 muito estava represado no peito. Ficaram por ali at\u00e9 que a fome bateu.<\/p>\n<p>Almo\u00e7aram moqueca de camar\u00e3o e beberam suco de abacaxi. O dia foi repleto de lembran\u00e7as. Pedro, no entanto, percebeu que o ca\u00e7ula continuava com o olhar perdido.<\/p>\n<p>\u2014 O que foi? N\u00e3o t\u00e1 gostando?<\/p>\n<p>\u2014 T\u00f4.<\/p>\n<p>\u2014 E que cara \u00e9 essa?<\/p>\n<p>\u2014 Saudade do papai.<\/p>\n<p>\u2014 Tamb\u00e9m sinto falta dele.<\/p>\n<p>O domingo amanheceu ensolarado, enquanto o odor da maresia inebriava o ambiente. Tudo perfeito para mais um dia na praia.<\/p>\n<p>\u2014 E a\u00ed, Paulo, j\u00e1 t\u00e1 pronto?<\/p>\n<p>\u2014 Sim.<\/p>\n<p>\u2014 Ent\u00e3o, vamos, que \u00e0 tardezinha temos que retornar.<\/p>\n<p>\u2014 Que tal pescar l\u00e1 nas pedras?<\/p>\n<p>Pedro, surpreso, olhou para o irm\u00e3o. Os dois sorriram e, cani\u00e7os e iscas nas m\u00e3os, caminharam at\u00e9 as pedras entre as praias do Per\u00f3 e das Conchas. N\u00e3o pegaram muitos peixes. Todavia, fisgaram in\u00fameras lembran\u00e7as.<\/p>\n<p>&#8230;&#8230;&#8230;&#8230;&#8230;&#8230;&#8230;&#8230;&#8230;&#8230;&#8230;&#8230;.<\/p>\n<div>*<strong>Eduardo Mart\u00ednez \u00e9 autor do livro \u201c57 Contos e Cr\u00f4nicas por um Autor muito Velho\u201d.<\/strong><\/div>\n<div>\n<div class=\"mvp-post-soc-in\">\n<div id=\"mvp-content-body\" class=\"left relative\">\n<div id=\"mvp-content-body-top\" class=\"left relative\">\n<div id=\"mvp-content-main\" class=\"left relative\">\n<p>Compre aqui\u00a0<span class=\"x19la9d6 x1fc57z9 x6ikm8r x10wlt62 x19co3pv x1g5zs5t xfibh0p xiy17q3 x1xsqp64 x1lkfr7t xexx8yu x4uap5 x18d9i69 xkhd6sd\"><span class=\"xrtxmta x1bhl96m\"><img decoding=\"async\" class=\"emoji\" role=\"img\" draggable=\"false\" src=\"https:\/\/s.w.org\/images\/core\/emoji\/14.0.0\/svg\/1f447-1f3ff.svg\" alt=\"&#x1f447;&#x1f3ff;\" \/><\/span><\/span><span class=\"x19la9d6 x1fc57z9 x6ikm8r x10wlt62 x19co3pv x1g5zs5t xfibh0p xiy17q3 x1xsqp64 x1lkfr7t xexx8yu x4uap5 x18d9i69 xkhd6sd\"><span class=\"xrtxmta x1bhl96m\"><img decoding=\"async\" class=\"emoji\" role=\"img\" draggable=\"false\" src=\"https:\/\/s.w.org\/images\/core\/emoji\/14.0.0\/svg\/1f447-1f3ff.svg\" alt=\"&#x1f447;&#x1f3ff;\" \/><\/span><\/span><span class=\"x19la9d6 x1fc57z9 x6ikm8r x10wlt62 x19co3pv x1g5zs5t xfibh0p xiy17q3 x1xsqp64 x1lkfr7t xexx8yu x4uap5 x18d9i69 xkhd6sd\"><span class=\"xrtxmta x1bhl96m\"><img decoding=\"async\" class=\"emoji\" role=\"img\" draggable=\"false\" src=\"https:\/\/s.w.org\/images\/core\/emoji\/14.0.0\/svg\/1f447-1f3ff.svg\" alt=\"&#x1f447;&#x1f3ff;\" \/><\/span><\/span><\/p>\n<p><a href=\"http:\/\/www.joanineditora.com.br\/57-contos-e-cronicas-por-um-autor-muito-velho\">http:\/\/www.joanineditora.com.br\/57-contos-e-cronicas-por-um-autor-muito-velho<\/a><\/p>\n<\/div>\n<\/div>\n<\/div>\n<\/div>\n<\/div>\n","protected":false},"excerpt":{"rendered":"<p>Seria apenas mais um almo\u00e7o em fam\u00edlia, no Lago Sul, caso n\u00e3o fosse pelo imbr\u00f3glio envolvendo os dois irm\u00e3os, que j\u00e1 haviam ultrapassado a barreira dos 40 anos. Pedro, o mais velho, contava para os sobrinhos sobre seu tempo de crian\u00e7a, enquanto Paulo enchia o prato pela segunda vez com a macarronada. No entanto, o [&hellip;]<\/p>\n","protected":false},"author":2,"featured_media":343577,"comment_status":"closed","ping_status":"closed","sticky":false,"template":"","format":"standard","meta":{"_acf_changed":false,"footnotes":""},"categories":[161],"tags":[],"class_list":["post-343576","post","type-post","status-publish","format-standard","has-post-thumbnail","hentry","category-quadradinho-em-foco"],"acf":[],"_links":{"self":[{"href":"https:\/\/www.notibras.com\/site\/wp-json\/wp\/v2\/posts\/343576","targetHints":{"allow":["GET"]}}],"collection":[{"href":"https:\/\/www.notibras.com\/site\/wp-json\/wp\/v2\/posts"}],"about":[{"href":"https:\/\/www.notibras.com\/site\/wp-json\/wp\/v2\/types\/post"}],"author":[{"embeddable":true,"href":"https:\/\/www.notibras.com\/site\/wp-json\/wp\/v2\/users\/2"}],"replies":[{"embeddable":true,"href":"https:\/\/www.notibras.com\/site\/wp-json\/wp\/v2\/comments?post=343576"}],"version-history":[{"count":2,"href":"https:\/\/www.notibras.com\/site\/wp-json\/wp\/v2\/posts\/343576\/revisions"}],"predecessor-version":[{"id":343579,"href":"https:\/\/www.notibras.com\/site\/wp-json\/wp\/v2\/posts\/343576\/revisions\/343579"}],"wp:featuredmedia":[{"embeddable":true,"href":"https:\/\/www.notibras.com\/site\/wp-json\/wp\/v2\/media\/343577"}],"wp:attachment":[{"href":"https:\/\/www.notibras.com\/site\/wp-json\/wp\/v2\/media?parent=343576"}],"wp:term":[{"taxonomy":"category","embeddable":true,"href":"https:\/\/www.notibras.com\/site\/wp-json\/wp\/v2\/categories?post=343576"},{"taxonomy":"post_tag","embeddable":true,"href":"https:\/\/www.notibras.com\/site\/wp-json\/wp\/v2\/tags?post=343576"}],"curies":[{"name":"wp","href":"https:\/\/api.w.org\/{rel}","templated":true}]}}