{"id":343586,"date":"2024-12-21T00:01:51","date_gmt":"2024-12-21T03:01:51","guid":{"rendered":"https:\/\/www.notibras.com\/site\/?p=343586"},"modified":"2024-12-21T08:30:06","modified_gmt":"2024-12-21T11:30:06","slug":"ibaneis-reabre-martins-pena-e-oficializa-licitacao-da-segunda-etapa-de-obras","status":"publish","type":"post","link":"https:\/\/www.notibras.com\/site\/ibaneis-reabre-martins-pena-e-oficializa-licitacao-da-segunda-etapa-de-obras\/","title":{"rendered":"Ibaneis reabre Martins Pena e oficializa licita\u00e7\u00e3o da segunda etapa de obras"},"content":{"rendered":"<p>Em 1966, o Teatro Nacional Claudio Santoro \u2013 na \u00e9poca Teatro Nacional de Bras\u00edlia \u2013 era inaugurado com a abertura da Sala Martins Pena. Cinquenta e oito anos depois, a hist\u00f3ria se repete. O complexo cultural volta ao circuito na noite desta sexta-feira (20), depois de quase 11 anos fechado, com a reinaugura\u00e7\u00e3o da Sala Martins Pena, primeiro espa\u00e7o a ser restaurado pelo Governo do Distrito Federal (GDF). O ato contou com apresenta\u00e7\u00e3o da Orquestra Sinf\u00f4nica do Teatro Nacional Claudio Santoro (OSTNCS) e da dupla Chit\u00e3ozinho e Xoror\u00f3.<\/p>\n<p>A cerim\u00f4nia contou com a presen\u00e7a do governador Ibaneis Rocha, que reabriu oficialmente a sala. O chefe do Executivo tamb\u00e9m assinou a reestrutura\u00e7\u00e3o da carreira dos m\u00fasicos da OSTNCS.<\/p>\n<p>Na ocasi\u00e3o, o governador destacou a continuidade das obras com a publica\u00e7\u00e3o do edital de licita\u00e7\u00e3o da segunda etapa, que inclui todo o corpo do teatro: as salas Villa-Lobos e Alberto Nepomuceno, o foyer da Villa-Lobos e o Espa\u00e7o Dercy Gon\u00e7alves. O documento foi publicado na \u00faltima quarta-feira (18) no Di\u00e1rio Oficial do DF (DODF).<\/p>\n<p>\u201cPara n\u00f3s \u00e9 um momento simb\u00f3lico aqui para o Distrito Federal. O Mateus [filho do governador], eu estava contando os anos, ele n\u00e3o era nascido ainda, n\u00f3s est\u00e1vamos h\u00e1 10 anos com o Teatro fechado. Com esfor\u00e7os do nosso governo, estamos reabrindo hoje a Martins Pena, j\u00e1 publicamos o edital para toda a reforma, s\u00e3o R$ 315 milh\u00f5es com dinheiro dos cofres do Distrito Federal, e a gente espera no prazo de 3 anos estar aqui comemorando a reabertura desse que \u00e9 um marco da nossa cidade\u201d, disse Ibaneis Rocha.<\/p>\n<p>\u201cEu falei que eu n\u00e3o pisava o p\u00e9 aqui, me chamaram v\u00e1rias vezes para ver a obra, enquanto n\u00e3o estivesse lan\u00e7ado o edital da segunda fase. E conseguimos os recursos e vamos fazer. Muita alegria\u201d, complementou.<\/p>\n<p>A primeira etapa da obra contemplou a restaura\u00e7\u00e3o da Sala Martins Pena e seu respectivo foyer, e a adequa\u00e7\u00e3o da infraestrutura do teatro, que descumpria as normas vigentes de seguran\u00e7a, combate a inc\u00eandio e acessibilidade. Os trabalhos tiveram dura\u00e7\u00e3o de dois anos e seguiram as diretrizes para respeitar o tombamento do equipamento p\u00fablico. Foram investidos R$ 70 milh\u00f5es pelo GDF.<\/p>\n<p>Sa\u00eddas de emerg\u00eancia, reservat\u00f3rio de inc\u00eandio, sala de geradores, elevadores e espa\u00e7os acess\u00edveis foram constru\u00eddos. Tamb\u00e9m foram renovadas as instala\u00e7\u00f5es el\u00e9trica, hidr\u00e1ulica e de \u00e1guas pluviais, bem como os sistemas de ar-condicionado, de exaust\u00e3o de ar, de inc\u00eandio, de \u00e1gua gelada e de abastecimento de energia.<\/p>\n<p>As emblem\u00e1ticas poltronas foram substitu\u00eddas respeitando a originalidade da cor e do design, mas incorporando modifica\u00e7\u00f5es para atender \u00e0s normas e a ergonomia. As mudan\u00e7as proporcionaram a amplia\u00e7\u00e3o da capacidade para 470 lugares, al\u00e9m de mais 10 nas \u00e1reas espec\u00edficas para pessoas com defici\u00eancia (PcDs).<\/p>\n<p>Com a reforma, a Sala Martins Pena est\u00e1 entre as mais modernas do pa\u00eds, com equipamentos c\u00eanicos de ponta, conforto sonoro para frequentadores e artistas e itens retardantes de chamas em caso de inc\u00eandio.<\/p>\n<p><strong>Acesso \u00e0 cultura<\/strong><br \/>\nO governador Ibaneis Rocha e a primeira-dama Mayara Noronha Rocha cumprimentaram os m\u00fasicos ao final da apresenta\u00e7\u00e3o na reinaugura\u00e7\u00e3o da Sala Martins Pena, que ter\u00e1 programa\u00e7\u00e3o especial at\u00e9 a pr\u00f3xima quinta-feira (26)<\/p>\n<p>O secret\u00e1rio de Cultura e Economia Criativa, Claudio Abrantes, destacou que a entrega da Sala Martins Pena representa o governo cumprindo seu papel de garantir acesso \u00e0 cultura aos cidad\u00e3os. \u201c\u00c9 uma sinaliza\u00e7\u00e3o muito forte de um governo que apoia a cultura e que v\u00ea na cultura n\u00e3o s\u00f3 um vetor econ\u00f4mico, mas tamb\u00e9m um elemento de desenvolvimento da sociedade\u201d, afirmou.<\/p>\n<p>Abrantes revelou ainda que a reabertura j\u00e1 movimenta o setor cultural da cidade. \u201cA gente tem uma demanda muito grande de pedidos para o pr\u00f3ximo ano. A sala aberta aquece o mercado cultural para produ\u00e7\u00f5es locais, nacionais e at\u00e9 internacionais\u201d, afirmou. Segundo o titular da Cultura e Economia Criativa, ap\u00f3s uma fase de testes, o espa\u00e7o estar\u00e1 dispon\u00edvel para a programa\u00e7\u00e3o a partir de fevereiro.<\/p>\n<p>Coube \u00e0 dupla Chit\u00e3ozinho e Xoror\u00f3, acompanhada da Orquestra Sinf\u00f4nica do Teatro Nacional Claudio Santoro, fazer o relan\u00e7amento da sala. O show integra a programa\u00e7\u00e3o do Projeto Viva o Teatro, que ter\u00e1 apresenta\u00e7\u00f5es gratuitas nos dias 21, 22, 23 e 26, com nomes como Almir Sater, Os Melhores do Mundo e Plebe Rude, al\u00e9m de apresenta\u00e7\u00e3o de dan\u00e7a.<\/p>\n<p><strong>Hist\u00f3ria<\/strong><br \/>\nO Teatro Nacional Claudio Santoro (TNCS) foi projetado por Oscar Niemeyer em 1958, para ser o principal equipamento cultural da nova capital do Brasil. Foi chamado inicialmente de Teatro Nacional de Bras\u00edlia, mas, a partir de 1989, mudou de nome em homenagem ao maestro e compositor que fundou a orquestra sinf\u00f4nica do Teatro.<\/p>\n<p>O espa\u00e7o tamb\u00e9m presta tributo aos compositores Heitor Villa-Lobos e Alberto Nepomuceno e ao dramaturgo Martins Pena, que d\u00e3o nome \u00e0s salas do equipamento p\u00fablico, e \u00e0 atriz Dercy Gon\u00e7alves, que batiza o mezanino.<\/p>\n<p>Ao longo da hist\u00f3ria, o Teatro Nacional recebeu grandes nomes da m\u00fasica, da dan\u00e7a e do teatro \u2013 entre outros, Mercedes Sosa, Bal\u00e9 Bolshoi, \u00d3pera de Paris, Fernanda Montenegro, Dulcina de Moraes, Jo\u00e3o Gilberto, Caetano Veloso e Maria Beth\u00e2nia.<\/p>\n","protected":false},"excerpt":{"rendered":"<p>Em 1966, o Teatro Nacional Claudio Santoro \u2013 na \u00e9poca Teatro Nacional de Bras\u00edlia \u2013 era inaugurado com a abertura da Sala Martins Pena. Cinquenta e oito anos depois, a hist\u00f3ria se repete. O complexo cultural volta ao circuito na noite desta sexta-feira (20), depois de quase 11 anos fechado, com a reinaugura\u00e7\u00e3o da Sala [&hellip;]<\/p>\n","protected":false},"author":2,"featured_media":343587,"comment_status":"closed","ping_status":"closed","sticky":false,"template":"","format":"standard","meta":{"_acf_changed":false,"footnotes":""},"categories":[161],"tags":[],"class_list":["post-343586","post","type-post","status-publish","format-standard","has-post-thumbnail","hentry","category-quadradinho-em-foco"],"acf":[],"_links":{"self":[{"href":"https:\/\/www.notibras.com\/site\/wp-json\/wp\/v2\/posts\/343586","targetHints":{"allow":["GET"]}}],"collection":[{"href":"https:\/\/www.notibras.com\/site\/wp-json\/wp\/v2\/posts"}],"about":[{"href":"https:\/\/www.notibras.com\/site\/wp-json\/wp\/v2\/types\/post"}],"author":[{"embeddable":true,"href":"https:\/\/www.notibras.com\/site\/wp-json\/wp\/v2\/users\/2"}],"replies":[{"embeddable":true,"href":"https:\/\/www.notibras.com\/site\/wp-json\/wp\/v2\/comments?post=343586"}],"version-history":[{"count":1,"href":"https:\/\/www.notibras.com\/site\/wp-json\/wp\/v2\/posts\/343586\/revisions"}],"predecessor-version":[{"id":343588,"href":"https:\/\/www.notibras.com\/site\/wp-json\/wp\/v2\/posts\/343586\/revisions\/343588"}],"wp:featuredmedia":[{"embeddable":true,"href":"https:\/\/www.notibras.com\/site\/wp-json\/wp\/v2\/media\/343587"}],"wp:attachment":[{"href":"https:\/\/www.notibras.com\/site\/wp-json\/wp\/v2\/media?parent=343586"}],"wp:term":[{"taxonomy":"category","embeddable":true,"href":"https:\/\/www.notibras.com\/site\/wp-json\/wp\/v2\/categories?post=343586"},{"taxonomy":"post_tag","embeddable":true,"href":"https:\/\/www.notibras.com\/site\/wp-json\/wp\/v2\/tags?post=343586"}],"curies":[{"name":"wp","href":"https:\/\/api.w.org\/{rel}","templated":true}]}}