{"id":343589,"date":"2024-12-21T00:00:29","date_gmt":"2024-12-21T03:00:29","guid":{"rendered":"https:\/\/www.notibras.com\/site\/?p=343589"},"modified":"2024-12-21T08:36:06","modified_gmt":"2024-12-21T11:36:06","slug":"acoes-de-combate-a-dengue-crescem-e-chegam-ao-cruzeiro-novo","status":"publish","type":"post","link":"https:\/\/www.notibras.com\/site\/acoes-de-combate-a-dengue-crescem-e-chegam-ao-cruzeiro-novo\/","title":{"rendered":"A\u00e7\u00f5es de combate \u00e0 dengue crescem e chegam ao Cruzeiro Novo"},"content":{"rendered":"<p>De pr\u00e9dio em pr\u00e9dio, em a\u00e7\u00f5es cont\u00ednuas, agentes de Vigil\u00e2ncia Ambiental em Sa\u00fade (Avas) buscam poss\u00edveis criadouros do mosquito da dengue e orientam moradores e zeladores sobre como combater o Aedes aegypti. Nessa quinta-feira (19), a quadra 1307, no Cruzeiro Novo, passou por uma inspe\u00e7\u00e3o minuciosa. No alvo, vasos de plantas com pratinhos, brom\u00e9lias, garrafas vazias, lixeiras, lonas, caixas d\u2019\u00e1gua ou qualquer local ou objeto que pudesse abrigar \u00e1gua parada.<\/p>\n<p>\u201c\u00c9 fundamental que a popula\u00e7\u00e3o nos receba e fa\u00e7a a sua parte. A maioria dos focos est\u00e3o dentro das casas. Por isso, prestar aten\u00e7\u00e3o aos detalhes pode fazer uma grande diferen\u00e7a nos casos de transmiss\u00e3o\u201d, destacou o Avas Hugo Ayala, da Secretaria de Sa\u00fade (SES-DF).<\/p>\n<p>A agente Edierte Alves concorda. Ela lembra que o per\u00edodo chuvoso aumenta os riscos de prolifera\u00e7\u00e3o do inseto: \u201cNa visita domiciliar, o objetivo \u00e9 ressaltar pontos que a popula\u00e7\u00e3o j\u00e1 sabe, mas esquece. Nessa \u00e9poca, o mosquito se desenvolve muito mais r\u00e1pido\u201d.<\/p>\n<p>O subsecret\u00e1rio de Vigil\u00e2ncia \u00e0 Sa\u00fade da SES-DF, Fabiano dos Anjos, destaca o intenso empenho da pasta contra a dengue. \u201c\u00c9 nesse contato direto com as comunidades que fortalecemos a preven\u00e7\u00e3o. A pasta tem o compromisso de se antecipar e combater o mosquito\u201d, garantiu.<\/p>\n<p><strong>Larvicida<\/strong><br \/>\nCaso os agentes detectem criadouros em uma das resid\u00eancias, o morador n\u00e3o recebe multa nem \u00e9 censurado. Nessas situa\u00e7\u00f5es, os profissionais da SES-DF realizam um tratamento espec\u00edfico com o larvicida Bacillus thuringiensis israelensis (BTi), seguro para humanos e animais dom\u00e9sticos. Quando aplicada na \u00e1gua, a subst\u00e2ncia \u00e9 dissolvida e ingerida pelas larvas do mosquito. O inseticida interage com a parede intestinal das larvas e as rompe rapidamente. \u00c9 esperada a morte dos insetos em at\u00e9 24 horas ap\u00f3s a aplica\u00e7\u00e3o do produto.<\/p>\n<p>Zelador h\u00e1 nove anos, Pedro Ribeiro de Carvalho conta que dedica aten\u00e7\u00e3o redobrada quando o assunto \u00e9 combater o mosquito da dengue. \u201cMeu papel \u00e9 manter tudo limpo. N\u00e3o deixo po\u00e7a de \u00e1gua, as escadas est\u00e3o sempre limpas e as lixeiras secas e fechadas. A gente se preocupa com o bem-estar dos moradores e \u00e9 meu local de trabalho. Nunca tive dengue e \u00e9 um cuidado a mais para n\u00e3o ter\u201d, relatou.<\/p>\n<p>Tamb\u00e9m zelador de um dos blocos da quadra, Ivo Vitalino da Silva Neto teve dengue h\u00e1 mais de 10 anos e conta n\u00e3o ter esquecido o mal-estar causado pela doen\u00e7a. \u201cFiquei ruim, com muita dor. N\u00e3o quero mais pegar. Tanto aqui como em casa mantenho tudo limpo, n\u00e3o deixo acumular \u00e1gua, pl\u00e1stico. A prioridade \u00e9 atender os agentes e deixar que eles entrem e confirmem que estamos seguros\u201d.<\/p>\n","protected":false},"excerpt":{"rendered":"<p>De pr\u00e9dio em pr\u00e9dio, em a\u00e7\u00f5es cont\u00ednuas, agentes de Vigil\u00e2ncia Ambiental em Sa\u00fade (Avas) buscam poss\u00edveis criadouros do mosquito da dengue e orientam moradores e zeladores sobre como combater o Aedes aegypti. Nessa quinta-feira (19), a quadra 1307, no Cruzeiro Novo, passou por uma inspe\u00e7\u00e3o minuciosa. No alvo, vasos de plantas com pratinhos, brom\u00e9lias, garrafas [&hellip;]<\/p>\n","protected":false},"author":2,"featured_media":343590,"comment_status":"closed","ping_status":"closed","sticky":false,"template":"","format":"standard","meta":{"_acf_changed":false,"footnotes":""},"categories":[161],"tags":[],"class_list":["post-343589","post","type-post","status-publish","format-standard","has-post-thumbnail","hentry","category-quadradinho-em-foco"],"acf":[],"_links":{"self":[{"href":"https:\/\/www.notibras.com\/site\/wp-json\/wp\/v2\/posts\/343589","targetHints":{"allow":["GET"]}}],"collection":[{"href":"https:\/\/www.notibras.com\/site\/wp-json\/wp\/v2\/posts"}],"about":[{"href":"https:\/\/www.notibras.com\/site\/wp-json\/wp\/v2\/types\/post"}],"author":[{"embeddable":true,"href":"https:\/\/www.notibras.com\/site\/wp-json\/wp\/v2\/users\/2"}],"replies":[{"embeddable":true,"href":"https:\/\/www.notibras.com\/site\/wp-json\/wp\/v2\/comments?post=343589"}],"version-history":[{"count":1,"href":"https:\/\/www.notibras.com\/site\/wp-json\/wp\/v2\/posts\/343589\/revisions"}],"predecessor-version":[{"id":343591,"href":"https:\/\/www.notibras.com\/site\/wp-json\/wp\/v2\/posts\/343589\/revisions\/343591"}],"wp:featuredmedia":[{"embeddable":true,"href":"https:\/\/www.notibras.com\/site\/wp-json\/wp\/v2\/media\/343590"}],"wp:attachment":[{"href":"https:\/\/www.notibras.com\/site\/wp-json\/wp\/v2\/media?parent=343589"}],"wp:term":[{"taxonomy":"category","embeddable":true,"href":"https:\/\/www.notibras.com\/site\/wp-json\/wp\/v2\/categories?post=343589"},{"taxonomy":"post_tag","embeddable":true,"href":"https:\/\/www.notibras.com\/site\/wp-json\/wp\/v2\/tags?post=343589"}],"curies":[{"name":"wp","href":"https:\/\/api.w.org\/{rel}","templated":true}]}}