{"id":343655,"date":"2024-12-22T00:48:08","date_gmt":"2024-12-22T03:48:08","guid":{"rendered":"https:\/\/www.notibras.com\/site\/?p=343655"},"modified":"2024-12-22T08:52:03","modified_gmt":"2024-12-22T11:52:03","slug":"uso-de-lenha-e-carvao-para-preparar-comida-ainda-e-coisa-bem-comum-no-piaui","status":"publish","type":"post","link":"https:\/\/www.notibras.com\/site\/uso-de-lenha-e-carvao-para-preparar-comida-ainda-e-coisa-bem-comum-no-piaui\/","title":{"rendered":"Uso de lenha e carv\u00e3o para preparar comida ainda \u00e9 coisa bem comum no Piau\u00ed"},"content":{"rendered":"<p>Ao menos 36% dos domic\u00edlios do Piau\u00ed utilizam lenha ou carv\u00e3o como fonte de combust\u00edvel para cozinhar, segundo a Pesquisa Nacional por Amostra de Domic\u00edlios (PNAD) Cont\u00ednua, realizada pelo Instituto Brasileiro de Geografia e Estat\u00edstica (IBGE).<\/p>\n<p>N\u00e3o se sabe se por pobreza (o mais prov\u00e1vel) ou tradi\u00e7\u00e3o. O certo \u00e9 que esse \u00edndice coloca o estado como o terceiro maior do pa\u00eds nessa pr\u00e1tica, ficando atr\u00e1s apenas do Maranh\u00e3o (46,3%) e do Par\u00e1 (43,3%).<\/p>\n<p>A m\u00e9dia nacional foi de 15,2% de domic\u00edlios que ainda utilizavam lenha ou carv\u00e3o. Os menores \u00edndices foram registrados no Distrito Federal (2,4%), no Rio de Janeiro<\/p>\n<p>O IBGE destacou que um mesmo domic\u00edlio pode fazer uso de mais de um tipo de combust\u00edvel ao mesmo tempo. No Brasil, o g\u00e1s em botij\u00e3o ou encanado liderou o uso, presente em 98,2% dos lares, aplicado por energia el\u00e9trica (51%), lenha ou carv\u00e3o (15,2%) e outros combust\u00edveis<\/p>\n","protected":false},"excerpt":{"rendered":"<p>Ao menos 36% dos domic\u00edlios do Piau\u00ed utilizam lenha ou carv\u00e3o como fonte de combust\u00edvel para cozinhar, segundo a Pesquisa Nacional por Amostra de Domic\u00edlios (PNAD) Cont\u00ednua, realizada pelo Instituto Brasileiro de Geografia e Estat\u00edstica (IBGE). N\u00e3o se sabe se por pobreza (o mais prov\u00e1vel) ou tradi\u00e7\u00e3o. O certo \u00e9 que esse \u00edndice coloca o [&hellip;]<\/p>\n","protected":false},"author":2,"featured_media":208657,"comment_status":"closed","ping_status":"closed","sticky":false,"template":"","format":"standard","meta":{"_acf_changed":false,"footnotes":""},"categories":[165],"tags":[],"class_list":["post-343655","post","type-post","status-publish","format-standard","has-post-thumbnail","hentry","category-nordeste"],"acf":[],"_links":{"self":[{"href":"https:\/\/www.notibras.com\/site\/wp-json\/wp\/v2\/posts\/343655","targetHints":{"allow":["GET"]}}],"collection":[{"href":"https:\/\/www.notibras.com\/site\/wp-json\/wp\/v2\/posts"}],"about":[{"href":"https:\/\/www.notibras.com\/site\/wp-json\/wp\/v2\/types\/post"}],"author":[{"embeddable":true,"href":"https:\/\/www.notibras.com\/site\/wp-json\/wp\/v2\/users\/2"}],"replies":[{"embeddable":true,"href":"https:\/\/www.notibras.com\/site\/wp-json\/wp\/v2\/comments?post=343655"}],"version-history":[{"count":3,"href":"https:\/\/www.notibras.com\/site\/wp-json\/wp\/v2\/posts\/343655\/revisions"}],"predecessor-version":[{"id":343658,"href":"https:\/\/www.notibras.com\/site\/wp-json\/wp\/v2\/posts\/343655\/revisions\/343658"}],"wp:featuredmedia":[{"embeddable":true,"href":"https:\/\/www.notibras.com\/site\/wp-json\/wp\/v2\/media\/208657"}],"wp:attachment":[{"href":"https:\/\/www.notibras.com\/site\/wp-json\/wp\/v2\/media?parent=343655"}],"wp:term":[{"taxonomy":"category","embeddable":true,"href":"https:\/\/www.notibras.com\/site\/wp-json\/wp\/v2\/categories?post=343655"},{"taxonomy":"post_tag","embeddable":true,"href":"https:\/\/www.notibras.com\/site\/wp-json\/wp\/v2\/tags?post=343655"}],"curies":[{"name":"wp","href":"https:\/\/api.w.org\/{rel}","templated":true}]}}