{"id":343659,"date":"2024-12-22T00:00:04","date_gmt":"2024-12-22T03:00:04","guid":{"rendered":"https:\/\/www.notibras.com\/site\/?p=343659"},"modified":"2024-12-22T09:01:28","modified_gmt":"2024-12-22T12:01:28","slug":"empresario-atropela-quatro-bandidos-apos-abordagem-em-fortaleza","status":"publish","type":"post","link":"https:\/\/www.notibras.com\/site\/empresario-atropela-quatro-bandidos-apos-abordagem-em-fortaleza\/","title":{"rendered":"Empres\u00e1rio atropela quatro bandidos ap\u00f3s abordagem em Fortaleza"},"content":{"rendered":"<p>Um empres\u00e1rio atropelou quatro suspeitos de tentativa de assalto na Avenida Professor Gerardo Rodrigues de Albuquerque, em Fortaleza. O incidente provocou a morte de um dos suspeitos, enquanto outro foi hospitalizado. Os outros dois fugiram.<\/p>\n<p>Segundo testemunhas, o empres\u00e1rio foi abordado pelo grupo, que esteve em duas motos, durante uma tentativa de assalto. Ap\u00f3s a abordagem, ao tentar escapar, os suspeitos foram perseguidos e atropelados.<\/p>\n<p>A Pol\u00edcia Militar do Cear\u00e1 foi acionada para atender \u00e0 ocorr\u00eancia. De acordo com informa\u00e7\u00f5es preliminares, o grupo tinha como objetivo roubar o ve\u00edculo do empres\u00e1rio.<\/p>\n<p>As identidades dos empres\u00e1rios e dos suspeitos n\u00e3o foram reveladas at\u00e9 o momento.<\/p>\n<p>Em nota, a Secretaria de Seguran\u00e7a P\u00fablica e Defesa Social (SSPDS) informou que, durante as investiga\u00e7\u00f5es, parte dos itens subtra\u00eddos foi recuperada e devolvida \u00e0 v\u00edtima. &#8220;A Pol\u00edcia Civil continua conduzindo as investiga\u00e7\u00f5es para esclarecer todos os detalhes&#8221;.<\/p>\n","protected":false},"excerpt":{"rendered":"<p>Um empres\u00e1rio atropelou quatro suspeitos de tentativa de assalto na Avenida Professor Gerardo Rodrigues de Albuquerque, em Fortaleza. O incidente provocou a morte de um dos suspeitos, enquanto outro foi hospitalizado. Os outros dois fugiram. Segundo testemunhas, o empres\u00e1rio foi abordado pelo grupo, que esteve em duas motos, durante uma tentativa de assalto. Ap\u00f3s a [&hellip;]<\/p>\n","protected":false},"author":2,"featured_media":343660,"comment_status":"closed","ping_status":"closed","sticky":false,"template":"","format":"standard","meta":{"_acf_changed":false,"footnotes":""},"categories":[165],"tags":[],"class_list":["post-343659","post","type-post","status-publish","format-standard","has-post-thumbnail","hentry","category-nordeste"],"acf":[],"_links":{"self":[{"href":"https:\/\/www.notibras.com\/site\/wp-json\/wp\/v2\/posts\/343659","targetHints":{"allow":["GET"]}}],"collection":[{"href":"https:\/\/www.notibras.com\/site\/wp-json\/wp\/v2\/posts"}],"about":[{"href":"https:\/\/www.notibras.com\/site\/wp-json\/wp\/v2\/types\/post"}],"author":[{"embeddable":true,"href":"https:\/\/www.notibras.com\/site\/wp-json\/wp\/v2\/users\/2"}],"replies":[{"embeddable":true,"href":"https:\/\/www.notibras.com\/site\/wp-json\/wp\/v2\/comments?post=343659"}],"version-history":[{"count":1,"href":"https:\/\/www.notibras.com\/site\/wp-json\/wp\/v2\/posts\/343659\/revisions"}],"predecessor-version":[{"id":343661,"href":"https:\/\/www.notibras.com\/site\/wp-json\/wp\/v2\/posts\/343659\/revisions\/343661"}],"wp:featuredmedia":[{"embeddable":true,"href":"https:\/\/www.notibras.com\/site\/wp-json\/wp\/v2\/media\/343660"}],"wp:attachment":[{"href":"https:\/\/www.notibras.com\/site\/wp-json\/wp\/v2\/media?parent=343659"}],"wp:term":[{"taxonomy":"category","embeddable":true,"href":"https:\/\/www.notibras.com\/site\/wp-json\/wp\/v2\/categories?post=343659"},{"taxonomy":"post_tag","embeddable":true,"href":"https:\/\/www.notibras.com\/site\/wp-json\/wp\/v2\/tags?post=343659"}],"curies":[{"name":"wp","href":"https:\/\/api.w.org\/{rel}","templated":true}]}}