{"id":343662,"date":"2024-12-22T00:06:34","date_gmt":"2024-12-22T03:06:34","guid":{"rendered":"https:\/\/www.notibras.com\/site\/?p=343662"},"modified":"2024-12-22T09:34:23","modified_gmt":"2024-12-22T12:34:23","slug":"acidente-entre-taxi-e-motocicleta-deixa-dois-mortos-na-boca-da-mata","status":"publish","type":"post","link":"https:\/\/www.notibras.com\/site\/acidente-entre-taxi-e-motocicleta-deixa-dois-mortos-na-boca-da-mata\/","title":{"rendered":"Acidente entre t\u00e1xi e motocicleta deixa dois mortos na Boca da Mata"},"content":{"rendered":"<p>Um acidente envolvendo um t\u00e1xi e uma motocicleta provocou a morte de duas pessoas na tarde deste s\u00e1bado (21), em um trecho da rodovia AL-105, no munic\u00edpio de Boca da Mata.<\/p>\n<p>As v\u00edtimas, dois homens que estavam na motocicleta, faleceram no local. Suas identidades n\u00e3o foram reveladas.<\/p>\n<p>O Corpo de Bombeiros foi acionado e, ao chegar ao povoado Peri Peri, confirmou os \u00f3bitos. De acordo com os bombeiros, o motociclista trafegou pela rodovia quando parou em um posto de combust\u00edvel e ofereceu carona a um homem. Pouco depois, ambos se envolveram no acidente com o t\u00e1xi.<\/p>\n<p>Equipes das Pol\u00edcias Militar e Cient\u00edfica tamb\u00e9m foram mobilizadas para realizar o resgate dos corpos e dar suporte \u00e0 ocorr\u00eancia.<\/p>\n","protected":false},"excerpt":{"rendered":"<p>Um acidente envolvendo um t\u00e1xi e uma motocicleta provocou a morte de duas pessoas na tarde deste s\u00e1bado (21), em um trecho da rodovia AL-105, no munic\u00edpio de Boca da Mata. As v\u00edtimas, dois homens que estavam na motocicleta, faleceram no local. Suas identidades n\u00e3o foram reveladas. O Corpo de Bombeiros foi acionado e, ao [&hellip;]<\/p>\n","protected":false},"author":2,"featured_media":343663,"comment_status":"closed","ping_status":"closed","sticky":false,"template":"","format":"standard","meta":{"_acf_changed":false,"footnotes":""},"categories":[165],"tags":[],"class_list":["post-343662","post","type-post","status-publish","format-standard","has-post-thumbnail","hentry","category-nordeste"],"acf":[],"_links":{"self":[{"href":"https:\/\/www.notibras.com\/site\/wp-json\/wp\/v2\/posts\/343662","targetHints":{"allow":["GET"]}}],"collection":[{"href":"https:\/\/www.notibras.com\/site\/wp-json\/wp\/v2\/posts"}],"about":[{"href":"https:\/\/www.notibras.com\/site\/wp-json\/wp\/v2\/types\/post"}],"author":[{"embeddable":true,"href":"https:\/\/www.notibras.com\/site\/wp-json\/wp\/v2\/users\/2"}],"replies":[{"embeddable":true,"href":"https:\/\/www.notibras.com\/site\/wp-json\/wp\/v2\/comments?post=343662"}],"version-history":[{"count":2,"href":"https:\/\/www.notibras.com\/site\/wp-json\/wp\/v2\/posts\/343662\/revisions"}],"predecessor-version":[{"id":343671,"href":"https:\/\/www.notibras.com\/site\/wp-json\/wp\/v2\/posts\/343662\/revisions\/343671"}],"wp:featuredmedia":[{"embeddable":true,"href":"https:\/\/www.notibras.com\/site\/wp-json\/wp\/v2\/media\/343663"}],"wp:attachment":[{"href":"https:\/\/www.notibras.com\/site\/wp-json\/wp\/v2\/media?parent=343662"}],"wp:term":[{"taxonomy":"category","embeddable":true,"href":"https:\/\/www.notibras.com\/site\/wp-json\/wp\/v2\/categories?post=343662"},{"taxonomy":"post_tag","embeddable":true,"href":"https:\/\/www.notibras.com\/site\/wp-json\/wp\/v2\/tags?post=343662"}],"curies":[{"name":"wp","href":"https:\/\/api.w.org\/{rel}","templated":true}]}}