{"id":343665,"date":"2024-12-22T00:18:01","date_gmt":"2024-12-22T03:18:01","guid":{"rendered":"https:\/\/www.notibras.com\/site\/?p=343665"},"modified":"2024-12-22T09:20:35","modified_gmt":"2024-12-22T12:20:35","slug":"morro-do-careca-cartao-postal-de-natal-sofre-com-erosao-acelerada","status":"publish","type":"post","link":"https:\/\/www.notibras.com\/site\/morro-do-careca-cartao-postal-de-natal-sofre-com-erosao-acelerada\/","title":{"rendered":"Morro do Careca, cart\u00e3o postal de Natal, sofre com eros\u00e3o acelerada"},"content":{"rendered":"<p>O Morro do Careca, principal s\u00edmbolo tur\u00edstico de Natal e uma das dunas mais ic\u00f4nicas do Nordeste, enfrenta um preocupante processo de eros\u00e3o. A \u00e1rea perdeu areia em sua base, onde fal\u00e9sias de aproximadamente dois metros j\u00e1 s\u00e3o vis\u00edveis, al\u00e9m de ter diminu\u00eddo consideravelmente nas \u00faltimas d\u00e9cadas.<\/p>\n<p>De acordo com um estudo da Universidade Federal do Rio Grande do Norte (UFRN), o topo do morro sofreu uma redu\u00e7\u00e3o de 2,7 metros em 17 anos, entre 2006 e 2023, passando de 66 metros para 63,3 metros de altura, com uma perda de volume estimada em 318,5 m\u00b3.<\/p>\n<p>O problema foi identificado nos anos 1990, quando o avan\u00e7o do mar e a intensa ocupa\u00e7\u00e3o da orla come\u00e7ou a impactar a regi\u00e3o. A praia de Ponta Negra, onde est\u00e1 localizado o Morro do Careca, est\u00e1 passando por uma obra de alargamento da faixa de areia. Pesquisadores acreditam que essa interven\u00e7\u00e3o pode mitigar a eros\u00e3o causada pelo impacto das ondas na base da duna.<\/p>\n<p>At\u00e9 1997, turistas e banhistas escalavam o Morro do Careca livremente, mas a pr\u00e1tica era proibida e a \u00e1rea cercada. Apesar disso, ainda h\u00e1 registros de desobedi\u00eancia.<\/p>\n<p>Um relat\u00f3rio do Servi\u00e7o Geol\u00f3gico do Brasil (SGB), solicitado pelo Minist\u00e9rio P\u00fablico Federal (MPF) em 2023, apontou intensifica\u00e7\u00e3o das eros\u00f5es e classificou o risco de penetra\u00e7\u00e3o como \u201cmuito alto\u201d. O documento recomenda restringir o acesso ao topo do morro apenas para t\u00e9cnicos e ampliar a \u00e1rea isolada na base da duna.<\/p>\n<p>Em setembro \u00faltimo, a Defesa Civil divulgou um novo relat\u00f3rio de deteriora\u00e7\u00e3o do desgaste, com a forma\u00e7\u00e3o de vozes que aumentam o risco de desabamento em \u00e1reas frequentadas por pessoas. Diante disso, a Prefeitura de Natal decretou situa\u00e7\u00e3o de emerg\u00eancia, isolou \u00e1reas pr\u00f3ximas ao morro e intensificou a obra de engorda da praia de Ponta Negra.<\/p>\n<p>O aterramento, iniciado em setembro na Via Costeira, deve chegar \u00e0 base do Morro do Careca em janeiro de 2025. Atualmente, mais de 70% da obra j\u00e1 foi executada, segundo a Secretaria de Meio Ambiente e Urbanismo de Natal.<\/p>\n<p>Rodrigo Freitas, professor do Departamento de Geografia da UFRN e coordenador do projeto Fal\u00e9sias, explica que a eros\u00e3o do Morro do Careca \u00e9 causada por tr\u00eas fatores principais:<\/p>\n<p><strong>Reten\u00e7\u00e3o de sedimentos por barragens<\/strong> : A constru\u00e7\u00e3o de grandes barragens entre 1950 e 1970 prejudica o transporte de sedimentos pelos rios, que s\u00e3o essenciais para reportar a areia nas praias.<\/p>\n<p><strong>Eleva\u00e7\u00e3o do n\u00edvel do mar<\/strong> : O aumento gradual do n\u00edvel do mar, causado pelas mudan\u00e7as clim\u00e1ticas, intensifica o impacto das ondas na base do morro.<\/p>\n<p><strong>Ocupa\u00e7\u00e3o da linha de costa<\/strong> : A constru\u00e7\u00e3o de im\u00f3veis ao longo da orla impede o movimento natural da areia, agravando o processo de eros\u00e3o.<\/p>\n<p>Com esses desafios, especialistas e autoridades trabalham para preservar esse patrim\u00f4nio natural e hist\u00f3rico de Natal, enquanto buscam solu\u00e7\u00f5es para o problema.<\/p>\n","protected":false},"excerpt":{"rendered":"<p>O Morro do Careca, principal s\u00edmbolo tur\u00edstico de Natal e uma das dunas mais ic\u00f4nicas do Nordeste, enfrenta um preocupante processo de eros\u00e3o. A \u00e1rea perdeu areia em sua base, onde fal\u00e9sias de aproximadamente dois metros j\u00e1 s\u00e3o vis\u00edveis, al\u00e9m de ter diminu\u00eddo consideravelmente nas \u00faltimas d\u00e9cadas. De acordo com um estudo da Universidade Federal [&hellip;]<\/p>\n","protected":false},"author":2,"featured_media":343666,"comment_status":"closed","ping_status":"closed","sticky":false,"template":"","format":"standard","meta":{"_acf_changed":false,"footnotes":""},"categories":[165],"tags":[],"class_list":["post-343665","post","type-post","status-publish","format-standard","has-post-thumbnail","hentry","category-nordeste"],"acf":[],"_links":{"self":[{"href":"https:\/\/www.notibras.com\/site\/wp-json\/wp\/v2\/posts\/343665","targetHints":{"allow":["GET"]}}],"collection":[{"href":"https:\/\/www.notibras.com\/site\/wp-json\/wp\/v2\/posts"}],"about":[{"href":"https:\/\/www.notibras.com\/site\/wp-json\/wp\/v2\/types\/post"}],"author":[{"embeddable":true,"href":"https:\/\/www.notibras.com\/site\/wp-json\/wp\/v2\/users\/2"}],"replies":[{"embeddable":true,"href":"https:\/\/www.notibras.com\/site\/wp-json\/wp\/v2\/comments?post=343665"}],"version-history":[{"count":1,"href":"https:\/\/www.notibras.com\/site\/wp-json\/wp\/v2\/posts\/343665\/revisions"}],"predecessor-version":[{"id":343667,"href":"https:\/\/www.notibras.com\/site\/wp-json\/wp\/v2\/posts\/343665\/revisions\/343667"}],"wp:featuredmedia":[{"embeddable":true,"href":"https:\/\/www.notibras.com\/site\/wp-json\/wp\/v2\/media\/343666"}],"wp:attachment":[{"href":"https:\/\/www.notibras.com\/site\/wp-json\/wp\/v2\/media?parent=343665"}],"wp:term":[{"taxonomy":"category","embeddable":true,"href":"https:\/\/www.notibras.com\/site\/wp-json\/wp\/v2\/categories?post=343665"},{"taxonomy":"post_tag","embeddable":true,"href":"https:\/\/www.notibras.com\/site\/wp-json\/wp\/v2\/tags?post=343665"}],"curies":[{"name":"wp","href":"https:\/\/api.w.org\/{rel}","templated":true}]}}