{"id":343672,"date":"2024-12-22T10:34:58","date_gmt":"2024-12-22T13:34:58","guid":{"rendered":"https:\/\/www.notibras.com\/site\/?p=343672"},"modified":"2024-12-23T01:28:52","modified_gmt":"2024-12-23T04:28:52","slug":"inscricoes-para-os-centros-interescolares-comecam-em-janeiro","status":"publish","type":"post","link":"https:\/\/www.notibras.com\/site\/inscricoes-para-os-centros-interescolares-comecam-em-janeiro\/","title":{"rendered":"Inscri\u00e7\u00f5es para os centros interescolares come\u00e7am em janeiro"},"content":{"rendered":"<p>Os centros interescolares de l\u00ednguas (CILs) do Distrito Federal ter\u00e3o inscri\u00e7\u00f5es para o 1\u00ba semestre de 2025 no per\u00edodo de 4 a 10 de janeiro, exclusivamente pelo site oficial da Secretaria de Educa\u00e7\u00e3o. As vagas s\u00e3o destinadas a estudantes da rede p\u00fablica de ensino do DF, alunos de col\u00e9gios militares e \u00e0 comunidade em geral, a partir do 6\u00ba ano do ensino fundamental. E, em 2025, haver\u00e1 um per\u00edodo \u00fanico de inscri\u00e7\u00f5es para todos esses p\u00fablicos.<\/p>\n<p>A subsecret\u00e1ria de Planejamento, Acompanhamento e Avalia\u00e7\u00e3o da SEEDF, Francis Ferreira, chama a aten\u00e7\u00e3o para o per\u00edodo \u00fanico de inscri\u00e7\u00f5es para todos os grupos que podem pleitear uma vaga. \u201c\u00c9 importante ficar atento, pois no ano que vem, haver\u00e1 um per\u00edodo \u00fanico de inscri\u00e7\u00f5es para estudantes da rede p\u00fablica de ensino do DF, Col\u00e9gio Militar de Bras\u00edlia, Col\u00e9gio Dom Pedro II e comunidade em geral\u201d.<\/p>\n<p>Apesar do per\u00edodo \u00fanico de inscri\u00e7\u00f5es, o sorteio das vagas ser\u00e1 feito em etapas de acordo com o grupo ao qual o indiv\u00edduo inscrito est\u00e1 inserido. Primeiro ser\u00e3o sorteadas as vagas para os estudantes da rede p\u00fablica. Depois disso ser\u00e1 a vez do sorteio para estudantes dos Col\u00e9gios Militares de Bras\u00edlia e Dom Pedro II. S\u00f3 no final, ser\u00e3o ofertadas as vagas remanescentes para a comunidade.<\/p>\n<p>As vagas estar\u00e3o dispon\u00edveis em todos os 17 CILs espalhados pelo Distrito Federal. Ser\u00e3o ofertados cursos de Ingl\u00eas, Espanhol, Franc\u00eas e Japon\u00eas. O n\u00famero total de vagas ser\u00e1 divulgado at\u00e9 2 de janeiro, quando cada CIL informar\u00e1 a disponibilidade.<\/p>\n<p><strong>Resultados<\/strong><br \/>\nOs resultados ser\u00e3o divulgados no site oficial \u00e0s 18h, conforme o cronograma previsto<br \/>\n\u21d2 20 de janeiro: 1\u00aa chamada \u2013 estudantes da rede p\u00fablica do DF;<br \/>\n\u21d2 3 de fevereiro: 2\u00aa chamada \u2013 estudantes da rede p\u00fablica e col\u00e9gios militares;<br \/>\n\u21d2 19 de fevereiro: vagas remanescentes\/comunidade.<\/p>\n<p><strong>Matr\u00edculas<\/strong><br \/>\nAp\u00f3s a divulga\u00e7\u00e3o dos resultados, os candidatos contemplados dever\u00e3o realizar a matr\u00edcula presencialmente na secretaria escolar do CIL escolhido, apresentando a seguinte documenta\u00e7\u00e3o:<br \/>\n\u21d2 Original e c\u00f3pia da Certid\u00e3o de Nascimento ou RG do estudante;<br \/>\n\u21d2 CPF do estudante;<br \/>\n\u21d2 RG e CPF do respons\u00e1vel legal (caso menor de idade);<br \/>\n\u21d2 2 fotos 3\u00d74;<br \/>\n\u21d2 Comprovante de resid\u00eancia ou declara\u00e7\u00e3o conforme a Lei Distrital n\u00ba 4.225\/2008;<br \/>\n\u21d2 Comprovante de tipagem sangu\u00ednea e fator RH (Lei Distrital n\u00ba 4.379\/2009);<br \/>\n\u21d2 Carteira de vacina\u00e7\u00e3o atualizada (Lei Distrital n\u00ba 6.345\/2019);<br \/>\n\u21d2 Declara\u00e7\u00e3o de escolaridade.<\/p>\n<p><strong>Per\u00edodos de matr\u00edcula<\/strong><br \/>\n\u21d2 20 a 24 de janeiro: 1\u00aa chamada \u2013 estudantes da rede p\u00fablica;<br \/>\n\u21d2 3 a 10 de fevereiro: 2\u00aa chamada \u2013 estudantes da rede p\u00fablica e col\u00e9gios militares;<br \/>\n\u21d2 20 e 21 de fevereiro: comunidade.<\/p>\n","protected":false},"excerpt":{"rendered":"<p>Os centros interescolares de l\u00ednguas (CILs) do Distrito Federal ter\u00e3o inscri\u00e7\u00f5es para o 1\u00ba semestre de 2025 no per\u00edodo de 4 a 10 de janeiro, exclusivamente pelo site oficial da Secretaria de Educa\u00e7\u00e3o. As vagas s\u00e3o destinadas a estudantes da rede p\u00fablica de ensino do DF, alunos de col\u00e9gios militares e \u00e0 comunidade em geral, [&hellip;]<\/p>\n","protected":false},"author":2,"featured_media":343673,"comment_status":"closed","ping_status":"closed","sticky":false,"template":"","format":"standard","meta":{"_acf_changed":false,"footnotes":""},"categories":[161],"tags":[],"class_list":["post-343672","post","type-post","status-publish","format-standard","has-post-thumbnail","hentry","category-quadradinho-em-foco"],"acf":[],"_links":{"self":[{"href":"https:\/\/www.notibras.com\/site\/wp-json\/wp\/v2\/posts\/343672","targetHints":{"allow":["GET"]}}],"collection":[{"href":"https:\/\/www.notibras.com\/site\/wp-json\/wp\/v2\/posts"}],"about":[{"href":"https:\/\/www.notibras.com\/site\/wp-json\/wp\/v2\/types\/post"}],"author":[{"embeddable":true,"href":"https:\/\/www.notibras.com\/site\/wp-json\/wp\/v2\/users\/2"}],"replies":[{"embeddable":true,"href":"https:\/\/www.notibras.com\/site\/wp-json\/wp\/v2\/comments?post=343672"}],"version-history":[{"count":1,"href":"https:\/\/www.notibras.com\/site\/wp-json\/wp\/v2\/posts\/343672\/revisions"}],"predecessor-version":[{"id":343674,"href":"https:\/\/www.notibras.com\/site\/wp-json\/wp\/v2\/posts\/343672\/revisions\/343674"}],"wp:featuredmedia":[{"embeddable":true,"href":"https:\/\/www.notibras.com\/site\/wp-json\/wp\/v2\/media\/343673"}],"wp:attachment":[{"href":"https:\/\/www.notibras.com\/site\/wp-json\/wp\/v2\/media?parent=343672"}],"wp:term":[{"taxonomy":"category","embeddable":true,"href":"https:\/\/www.notibras.com\/site\/wp-json\/wp\/v2\/categories?post=343672"},{"taxonomy":"post_tag","embeddable":true,"href":"https:\/\/www.notibras.com\/site\/wp-json\/wp\/v2\/tags?post=343672"}],"curies":[{"name":"wp","href":"https:\/\/api.w.org\/{rel}","templated":true}]}}