{"id":343693,"date":"2024-12-23T00:10:00","date_gmt":"2024-12-23T03:10:00","guid":{"rendered":"https:\/\/www.notibras.com\/site\/?p=343693"},"modified":"2024-12-23T00:11:41","modified_gmt":"2024-12-23T03:11:41","slug":"mesa-brasil-recebera-doacoes-para-matar-fome-da-populacao-de-baixa-renda","status":"publish","type":"post","link":"https:\/\/www.notibras.com\/site\/mesa-brasil-recebera-doacoes-para-matar-fome-da-populacao-de-baixa-renda\/","title":{"rendered":"Mesa Brasil receber\u00e1 doa\u00e7\u00f5es para matar fome da popula\u00e7\u00e3o de baixa renda"},"content":{"rendered":"<p>O Sesc e o Ibama firmaram parceria para que, a partir de 2025, alimentos apreendidos em a\u00e7\u00f5es de fiscaliza\u00e7\u00e3o ambiental sejam destinados ao programa Mesa Brasil, ampliando a rede de apoio a fam\u00edlias em situa\u00e7\u00e3o de vulnerabilidade social. O acordo de coopera\u00e7\u00e3o t\u00e9cnica visa fortalecer o combate \u00e0 fome e o desperd\u00edcio de alimentos, em especial na regi\u00e3o Nordeste.<\/p>\n<p>As doa\u00e7\u00f5es do Ibama, por serem em grande parte produtos de origem animal, ampliam a inclus\u00e3o de prote\u00edna nas refei\u00e7\u00f5es oferecidas pelas entidades assistenciais cadastradas no Mesa Brasil. Por terem um valor mais alto e por serem perec\u00edveis, esses produtos de prote\u00edna animal, normalmente, s\u00e3o recebidos em menor quantidade pelo programa.<\/p>\n<p>O acordo vai representar um importante refor\u00e7o nutricional para as pessoas atendidas. A parceria representa, ainda, o comprometimento do Sesc com os Objetivos de Desenvolvimento Sustent\u00e1vel da Organiza\u00e7\u00e3o das Na\u00e7\u00f5es Unidas (ONU), em especial a meta de erradica\u00e7\u00e3o da fome.<\/p>\n<p>\u201cEssa parceria traz in\u00fameras vantagens para todos. Entre elas, est\u00e1 o aproveitamento respons\u00e1vel de alimentos que seriam descartados, contribuindo para a redu\u00e7\u00e3o do desperd\u00edcio e a efici\u00eancia no uso de recursos. Al\u00e9m disso, fortalece o papel social do Sesc, que amplia sua capacidade de atender comunidades vulner\u00e1veis\u201d, destaca Jos\u00e9 Roberto Tadros, presidente do Sistema CNC-Sesc-Senac.<\/p>\n<p><strong>Recorde de doa\u00e7\u00f5es<\/strong><br \/>\nO Mesa Brasil vai encerrar 2024 com a maior arrecada\u00e7\u00e3o de alimentos desde sua cria\u00e7\u00e3o, h\u00e1 tr\u00eas d\u00e9cadas. S\u00e3o mais de 52 milh\u00f5es de quilos em doa\u00e7\u00f5es e a expectativa \u00e9 que o balan\u00e7o total do ano chegue a 55 milh\u00f5es de quilos, impulsionados pelas campanhas natalinas realizadas em dezembro. A marca hist\u00f3rica \u00e9 mais uma celebra\u00e7\u00e3o nos 30 anos do programa de combate \u00e0 fome e ao desperd\u00edcio de alimentos.<\/p>\n<p>Maior rede privada de bancos de alimentos da Am\u00e9rica Latina, o Mesa Brasil faz a ponte entre empresas doadoras e institui\u00e7\u00f5es que levam refei\u00e7\u00f5es e alimentos a fam\u00edlias em vulnerabilidade alimentar. O programa conta com 3,4 mil empresas parceiras, que doam seus excedentes de produ\u00e7\u00e3o para serem distribu\u00eddos a 7,2 mil entidades assistenciais cadastradas, contemplando mensalmente mais de 2,2 milh\u00f5es de pessoas.<\/p>\n<p>\u201cN\u00f3s temos visto crescer a solidariedade e as doa\u00e7\u00f5es ao longo do \u00faltimo ano, mostrando que a sociedade brasileira est\u00e1 na luta para ampliar a seguran\u00e7a alimentar. Ao propor o aproveitamento integral de alimentos e evitar o descarte desses produtos, que poderiam acabar nos lix\u00f5es, contribu\u00edmos para diminuir as emiss\u00f5es de gases de efeito estufa que levam ao aquecimento global, uma das maiores preocupa\u00e7\u00f5es da humanidade atualmente\u201d, disse Tadros.<\/p>\n<p>O Mesa Brasil atua em parceria com empresas, propriedades rurais, entrepostos de hortifruti, supermercados, pequenas feiras e com\u00e9rcios, que doam seus excedentes de produ\u00e7\u00e3o e alimentos fora dos padr\u00f5es de comercializa\u00e7\u00e3o, mas ainda seguros para consumo. Os produtos s\u00e3o destinados a institui\u00e7\u00f5es como asilos, creches e associa\u00e7\u00f5es comunit\u00e1rias.<\/p>\n","protected":false},"excerpt":{"rendered":"<p>O Sesc e o Ibama firmaram parceria para que, a partir de 2025, alimentos apreendidos em a\u00e7\u00f5es de fiscaliza\u00e7\u00e3o ambiental sejam destinados ao programa Mesa Brasil, ampliando a rede de apoio a fam\u00edlias em situa\u00e7\u00e3o de vulnerabilidade social. O acordo de coopera\u00e7\u00e3o t\u00e9cnica visa fortalecer o combate \u00e0 fome e o desperd\u00edcio de alimentos, em [&hellip;]<\/p>\n","protected":false},"author":2,"featured_media":343694,"comment_status":"closed","ping_status":"closed","sticky":false,"template":"","format":"standard","meta":{"_acf_changed":false,"footnotes":""},"categories":[165],"tags":[],"class_list":["post-343693","post","type-post","status-publish","format-standard","has-post-thumbnail","hentry","category-nordeste"],"acf":[],"_links":{"self":[{"href":"https:\/\/www.notibras.com\/site\/wp-json\/wp\/v2\/posts\/343693","targetHints":{"allow":["GET"]}}],"collection":[{"href":"https:\/\/www.notibras.com\/site\/wp-json\/wp\/v2\/posts"}],"about":[{"href":"https:\/\/www.notibras.com\/site\/wp-json\/wp\/v2\/types\/post"}],"author":[{"embeddable":true,"href":"https:\/\/www.notibras.com\/site\/wp-json\/wp\/v2\/users\/2"}],"replies":[{"embeddable":true,"href":"https:\/\/www.notibras.com\/site\/wp-json\/wp\/v2\/comments?post=343693"}],"version-history":[{"count":1,"href":"https:\/\/www.notibras.com\/site\/wp-json\/wp\/v2\/posts\/343693\/revisions"}],"predecessor-version":[{"id":343695,"href":"https:\/\/www.notibras.com\/site\/wp-json\/wp\/v2\/posts\/343693\/revisions\/343695"}],"wp:featuredmedia":[{"embeddable":true,"href":"https:\/\/www.notibras.com\/site\/wp-json\/wp\/v2\/media\/343694"}],"wp:attachment":[{"href":"https:\/\/www.notibras.com\/site\/wp-json\/wp\/v2\/media?parent=343693"}],"wp:term":[{"taxonomy":"category","embeddable":true,"href":"https:\/\/www.notibras.com\/site\/wp-json\/wp\/v2\/categories?post=343693"},{"taxonomy":"post_tag","embeddable":true,"href":"https:\/\/www.notibras.com\/site\/wp-json\/wp\/v2\/tags?post=343693"}],"curies":[{"name":"wp","href":"https:\/\/api.w.org\/{rel}","templated":true}]}}