{"id":343699,"date":"2024-12-23T00:08:50","date_gmt":"2024-12-23T03:08:50","guid":{"rendered":"https:\/\/www.notibras.com\/site\/?p=343699"},"modified":"2024-12-22T23:50:15","modified_gmt":"2024-12-23T02:50:15","slug":"baile-do-menino-deus-encanta-e-inspira-geracoes-no-recife","status":"publish","type":"post","link":"https:\/\/www.notibras.com\/site\/baile-do-menino-deus-encanta-e-inspira-geracoes-no-recife\/","title":{"rendered":"Baile do Menino Deus encanta e inspira gera\u00e7\u00f5es no Recife"},"content":{"rendered":"<p>O ano \u00e9 2004. No palco da Pra\u00e7a do Marco Zero, no Recife, o Baile do Menino Deus, um Auto de Natal pernambucano, encanta os olhos do jovem Ellan Barreto. O garoto que, aos 11 anos, aprende os primeiros passos de break, se imagina cercado por todas aquelas luzes, pelos aplausos daquelas milhares de pessoas. Dentre elas, a fam\u00edlia de sete irm\u00e3os e os amigos da comunidade em que nasceu e se criou, a Favela do Canal, no bairro do Arruda.<\/p>\n<p>Vinte anos se passam e agora Ellan, com 31 anos, adota o nome art\u00edstico de Okado do Canal. Ele n\u00e3o saiu da comunidade e criou projetos art\u00edsticos voltados para a sua \u201cquebrada\u201d, o \u201cLado Beco\u201d, com atividades de hip hop. O coletivo \u00e9 PE Original Style. Agora, Okado, junto com seu grupo, estar\u00e1 do outro lado do Baile do Menino Deus, em cima do palco. O espet\u00e1culo gratuito ser\u00e1 encenado de 23 a 25 de dezembro, \u00e0s 20h. \u201cAs crian\u00e7as v\u00e3o sonhar em ter esse momento como a gente j\u00e1 sonhou l\u00e1 atr\u00e1s. E isso \u00e9 uma forma tamb\u00e9m de salvar vidas\u201d, afirma o artista.<\/p>\n<p>Ele disse que conheceu a dan\u00e7a de rua pelos dan\u00e7arinos mais velhos do bairro. \u201cA partir da\u00ed, foi paix\u00e3o \u00e0 primeira vista\u201d. Okado entrar\u00e1 em cena por volta da metade do espet\u00e1culo. \u201c\u00c9 importante que a periferia tenha essa representatividade\u201d, diz. Afinal, o \u201cBaile do Menino Deus: Uma Brincadeira de Natal\u201d chega este ano \u00e0 sua 41\u00aa edi\u00e7\u00e3o e \u00e9 considerado o maior espet\u00e1culo natalino do pa\u00eds baseado na cultura brasileira, com mais de 300 artistas.<\/p>\n<p><strong>Identidade nacional<\/strong><br \/>\nA encena\u00e7\u00e3o \u00e9 vista anualmente por mais de 70 mil pessoas e exibida pelo YouTube. Os dramaturgos Ronaldo Correia de Brito e Assis Lima, al\u00e9m do compositor Antonio Madureira, produziram um espet\u00e1culo com cantigas, dan\u00e7as, brincadeiras, costumes, rezas, figuras folcl\u00f3ricas e outras linguagens.<\/p>\n<p>Ronaldo Correia de Brito entende que o espet\u00e1culo \u00e9 uma celebra\u00e7\u00e3o da identidade nacional baseada na representatividade dos povos. \u201cO Baile \u00e9 um espet\u00e1culo totalmente inspirado nessa riqu\u00edssima cultura brasileira\u201d.<\/p>\n<p>Ele testemunha que a tradicional encena\u00e7\u00e3o ajuda na forma\u00e7\u00e3o de artistas e de p\u00fablico. \u201cH\u00e1 muitos adolescentes na plateia, que dan\u00e7am, que cantam e choram\u201d. O diretor disse que existe uma preocupa\u00e7\u00e3o em trazer a toler\u00e2ncia religiosa. \u201cBuscamos um sentido mais transcendente, menos materialista e consumista\u201d.<\/p>\n<p><strong>O Baile do Menino Deus<\/strong><br \/>\nO diretor afirma que a op\u00e7\u00e3o por uma orquestra popular, com berimbau de lata, rabeca e viola de arco traz um sentido de inclus\u00e3o para o espet\u00e1culo, regido pelos maestros Spock e Forr\u00f3. Neste ano, uma das estrelas \u00e9 a cirandeira Lia de Itamarac\u00e1. \u201cNo espet\u00e1culo, h\u00e1 artistas dos mais eruditos e sofisticados a populares das periferias em uma harmonia perfeita. Hoje, a predomin\u00e2ncia \u00e9 de pessoas negras\u201d.<\/p>\n<p>Na hist\u00f3ria, dois brincantes, os Mateus, levam o p\u00fablico, com um coro infantil formado por 12 crian\u00e7as, \u00e0 porta de uma casa onde estaria o Menino. Esse percurso emociona o ator S\u00f3stenes Vidal, que interpreta um dos Mateus h\u00e1 21 anos. \u201cO personagem \u00e9 dos folguedos populares nordestinos, do Bumba Meu Boi, do Cavalo Marinho. E essa adapta\u00e7\u00e3o junta o sagrado ao profano\u201d, disse o ator. Entre as cenas que mais o emocionam, est\u00e3o o momento em que o personagem fala dos brinquedos populares. Outro momento \u00e9 uma cena final, que sempre lhe emociona.<\/p>\n<p>\u201cEu engasgo de emo\u00e7\u00e3o\u201d. No texto, est\u00e1 gravado na mem\u00f3ria e no cora\u00e7\u00e3o. \u201cSenhores donos da casa, meninos desta folia, povo inteiro desta sala que assiste a nossa alegria\u2026. Quando eu viro, eu chamo o povo inteiro desta grande sala, as milhares de pessoas que est\u00e3o assistindo\u201d.<\/p>\n<p><strong>E o baile continua&#8230;<\/strong><br \/>\nOutra emo\u00e7\u00e3o que o ator ter\u00e1 nesta edi\u00e7\u00e3o \u00e9 que a filha, a atriz e dan\u00e7arina Marina Vidal, de 21 anos, estar\u00e1 em cena como uma ciganinha. Ela est\u00e1 no palco dessa montagem desde crian\u00e7a. \u201cEu estou estreando como bailarina no espet\u00e1culo. Participei, desde os cinco anos como coro infantil. Estar no palco junto com meu pai \u00e9 uma sensa\u00e7\u00e3o maravilhosa\u201d. Foram mais de tr\u00eas meses de ensaio.<\/p>\n<p>Nem todo o ensaio do mundo \u00e9 capaz de tirar do elenco a emo\u00e7\u00e3o dessa encena\u00e7\u00e3o a c\u00e9u aberto. Mateus, o personagem em cena, desfia sua reflex\u00e3o sobre a luta de cada dia. Como ele diz, o baile \u00e9 a pr\u00f3pria vida. \u201cContinuemos o baile. O cora\u00e7\u00e3o nunca esfria, quem dan\u00e7a os males espanta e o peito desanuvia. Continuemos o baile, agora e em cada dia\u201d.<\/p>\n","protected":false},"excerpt":{"rendered":"<p>O ano \u00e9 2004. No palco da Pra\u00e7a do Marco Zero, no Recife, o Baile do Menino Deus, um Auto de Natal pernambucano, encanta os olhos do jovem Ellan Barreto. O garoto que, aos 11 anos, aprende os primeiros passos de break, se imagina cercado por todas aquelas luzes, pelos aplausos daquelas milhares de pessoas. [&hellip;]<\/p>\n","protected":false},"author":2,"featured_media":343700,"comment_status":"closed","ping_status":"closed","sticky":false,"template":"","format":"standard","meta":{"_acf_changed":false,"footnotes":""},"categories":[165],"tags":[],"class_list":["post-343699","post","type-post","status-publish","format-standard","has-post-thumbnail","hentry","category-nordeste"],"acf":[],"_links":{"self":[{"href":"https:\/\/www.notibras.com\/site\/wp-json\/wp\/v2\/posts\/343699","targetHints":{"allow":["GET"]}}],"collection":[{"href":"https:\/\/www.notibras.com\/site\/wp-json\/wp\/v2\/posts"}],"about":[{"href":"https:\/\/www.notibras.com\/site\/wp-json\/wp\/v2\/types\/post"}],"author":[{"embeddable":true,"href":"https:\/\/www.notibras.com\/site\/wp-json\/wp\/v2\/users\/2"}],"replies":[{"embeddable":true,"href":"https:\/\/www.notibras.com\/site\/wp-json\/wp\/v2\/comments?post=343699"}],"version-history":[{"count":1,"href":"https:\/\/www.notibras.com\/site\/wp-json\/wp\/v2\/posts\/343699\/revisions"}],"predecessor-version":[{"id":343701,"href":"https:\/\/www.notibras.com\/site\/wp-json\/wp\/v2\/posts\/343699\/revisions\/343701"}],"wp:featuredmedia":[{"embeddable":true,"href":"https:\/\/www.notibras.com\/site\/wp-json\/wp\/v2\/media\/343700"}],"wp:attachment":[{"href":"https:\/\/www.notibras.com\/site\/wp-json\/wp\/v2\/media?parent=343699"}],"wp:term":[{"taxonomy":"category","embeddable":true,"href":"https:\/\/www.notibras.com\/site\/wp-json\/wp\/v2\/categories?post=343699"},{"taxonomy":"post_tag","embeddable":true,"href":"https:\/\/www.notibras.com\/site\/wp-json\/wp\/v2\/tags?post=343699"}],"curies":[{"name":"wp","href":"https:\/\/api.w.org\/{rel}","templated":true}]}}