{"id":343702,"date":"2024-12-23T00:03:20","date_gmt":"2024-12-23T03:03:20","guid":{"rendered":"https:\/\/www.notibras.com\/site\/?p=343702"},"modified":"2024-12-23T00:03:20","modified_gmt":"2024-12-23T03:03:20","slug":"ponte-entre-maranhao-e-tocantins-desaba-dois-mortos-oito-desaparecidos","status":"publish","type":"post","link":"https:\/\/www.notibras.com\/site\/ponte-entre-maranhao-e-tocantins-desaba-dois-mortos-oito-desaparecidos\/","title":{"rendered":"Ponte entre Maranh\u00e3o e Tocantins desaba; dois mortos, oito desaparecidos"},"content":{"rendered":"<p>A ponte Juscelino Kubitschek de Oliveira, sobre o Rio Tocantins, desabou neste domingo (22). Ela ligava o Maranh\u00e3o ao Tocantins. Ao menos duas pessoas morreram; os desaparecidos s\u00e3o oito. Bombeiros dos dois estados est\u00e3o fazendo buscas na regi\u00e3o.<\/p>\n<p>A ponte \u00e9 parte da BR-226 que liga os munic\u00edpios de Estreito (MA) e de Aguiarn\u00f3polis (TO). \u201cLamentamos pelas v\u00edtimas. At\u00e9 o momento temos dois \u00f3bitos confirmados e uma v\u00edtima resgatada, hospitalizada em Estreito, mas h\u00e1 pessoas desaparecidas. Somente com o resultado das opera\u00e7\u00f5es de mergulho teremos como comprovar o n\u00famero total de v\u00edtimas, escreveu o governador do Maranh\u00e3o Carlos Brand\u00e3o nas redes sociais.<\/p>\n<p>\u201cAs equipes do governo do Maranh\u00e3o seguem oferecendo todo o suporte necess\u00e1rio para garantir o socorro e contornar os transtornos causados pela interrup\u00e7\u00e3o da via\u201d, acrescentou Brand\u00e3o.<\/p>\n<p>Segundo a Pol\u00edcia Rodovi\u00e1ria Federal (PRF), o colapso ocorreu por volta de 14h50. O Corpo de Bombeiros do Maranh\u00e3o e do Tocantins est\u00e3o realizando buscas no rio por pessoas desaparecidas.<\/p>\n<p>O governador do Tocantins, Wanderlei Barbosa, tamb\u00e9m confirmou que h\u00e1 v\u00edtimas, que houve a queda de ve\u00edculos e motocicletas e que a profundidade no local \u00e9 acima de 50 metros. \u201cNos unimos no apoio ao resgate de v\u00edtimas\u201d, se manifestou, tamb\u00e9m pelas redes sociais.<\/p>\n<p>O v\u00e3o central da estrutura de 533 metros de extens\u00e3o cedeu e o Departamento Nacional de Infraestrutura de Transportes (Dnit) alertou para interdi\u00e7\u00e3o total no local. \u201cEquipes da autarquia est\u00e3o se deslocando para o local visando avaliar a situa\u00e7\u00e3o, apurar as poss\u00edveis causas e tomar as medidas necess\u00e1rias\u201d, informou.<\/p>\n<p><strong>Rotas alternativas<\/strong><br \/>\nO \u00f3rg\u00e3o divulgou as rotas alternativas. Os usu\u00e1rios do Tocantins devem acessar a estrada que vai de Darcin\u00f3polis a Luzin\u00f3polis, chegar na BR-230 e seguir at\u00e9 o km 101 (cidade de S\u00e3o Bento). Em seguida pegar a direita, sentido Axix\u00e1 e Imperatriz (MA).<\/p>\n<p>Quem vai do Maranh\u00e3o deve acessar a BR-226 em Estreito at\u00e9 Porto Franco. De Porto Franco os usu\u00e1rios devem seguir pela BR-010 at\u00e9 Imperatriz.<\/p>\n","protected":false},"excerpt":{"rendered":"<p>A ponte Juscelino Kubitschek de Oliveira, sobre o Rio Tocantins, desabou neste domingo (22). Ela ligava o Maranh\u00e3o ao Tocantins. Ao menos duas pessoas morreram; os desaparecidos s\u00e3o oito. Bombeiros dos dois estados est\u00e3o fazendo buscas na regi\u00e3o. A ponte \u00e9 parte da BR-226 que liga os munic\u00edpios de Estreito (MA) e de Aguiarn\u00f3polis (TO). [&hellip;]<\/p>\n","protected":false},"author":2,"featured_media":343703,"comment_status":"closed","ping_status":"closed","sticky":false,"template":"","format":"standard","meta":{"_acf_changed":false,"footnotes":""},"categories":[165],"tags":[],"class_list":["post-343702","post","type-post","status-publish","format-standard","has-post-thumbnail","hentry","category-nordeste"],"acf":[],"_links":{"self":[{"href":"https:\/\/www.notibras.com\/site\/wp-json\/wp\/v2\/posts\/343702","targetHints":{"allow":["GET"]}}],"collection":[{"href":"https:\/\/www.notibras.com\/site\/wp-json\/wp\/v2\/posts"}],"about":[{"href":"https:\/\/www.notibras.com\/site\/wp-json\/wp\/v2\/types\/post"}],"author":[{"embeddable":true,"href":"https:\/\/www.notibras.com\/site\/wp-json\/wp\/v2\/users\/2"}],"replies":[{"embeddable":true,"href":"https:\/\/www.notibras.com\/site\/wp-json\/wp\/v2\/comments?post=343702"}],"version-history":[{"count":1,"href":"https:\/\/www.notibras.com\/site\/wp-json\/wp\/v2\/posts\/343702\/revisions"}],"predecessor-version":[{"id":343704,"href":"https:\/\/www.notibras.com\/site\/wp-json\/wp\/v2\/posts\/343702\/revisions\/343704"}],"wp:featuredmedia":[{"embeddable":true,"href":"https:\/\/www.notibras.com\/site\/wp-json\/wp\/v2\/media\/343703"}],"wp:attachment":[{"href":"https:\/\/www.notibras.com\/site\/wp-json\/wp\/v2\/media?parent=343702"}],"wp:term":[{"taxonomy":"category","embeddable":true,"href":"https:\/\/www.notibras.com\/site\/wp-json\/wp\/v2\/categories?post=343702"},{"taxonomy":"post_tag","embeddable":true,"href":"https:\/\/www.notibras.com\/site\/wp-json\/wp\/v2\/tags?post=343702"}],"curies":[{"name":"wp","href":"https:\/\/api.w.org\/{rel}","templated":true}]}}