{"id":343731,"date":"2024-12-23T01:14:08","date_gmt":"2024-12-23T04:14:08","guid":{"rendered":"https:\/\/www.notibras.com\/site\/?p=343731"},"modified":"2024-12-23T01:26:31","modified_gmt":"2024-12-23T04:26:31","slug":"natal-de-cores-faz-de-brasilia-a-casa-do-papai-noel-por-um-dia","status":"publish","type":"post","link":"https:\/\/www.notibras.com\/site\/natal-de-cores-faz-de-brasilia-a-casa-do-papai-noel-por-um-dia\/","title":{"rendered":"Natal de cores faz de Bras\u00edlia a casa do Papai Noel por um dia"},"content":{"rendered":"<p>Bras\u00edlia, com suas linhas arquitet\u00f4nicas ic\u00f4nicas e c\u00e9u de horizontes infinitos, parece ter se reinventado neste Natal. O esp\u00edrito natalino, que muitas vezes \u00e9 associado \u00e0s luzes das grandes capitais do Sudeste ou ao frio das cidades do Sul, ganhou contornos \u00fanicos no cora\u00e7\u00e3o do Brasil.<\/p>\n<p>A capital, reconhecida por suas formas modernistas e pelo concreto de Niemeyer, se vestiu de cores e brilho. As \u00e1rvores do Eixo Monumental ganharam vida pr\u00f3pria: guirlandas gigantes abra\u00e7am os postes, e luzes dan\u00e7antes desenham estrelas no ar. \u00c9 como se o cerrado tivesse sussurrado ao Papai Noel que tamb\u00e9m merecia um peda\u00e7o do encanto natalino.<\/p>\n<p>A Pra\u00e7a dos Tr\u00eas Poderes, geralmente palco de formalidades, agora abriga uma \u00e1rea iluminada, onde crian\u00e7as correm livres, olhos arregalados diante da grandiosidade dos enfeites. Papai Noel, por sua vez, trocou o tren\u00f3 por um simp\u00e1tico ve\u00edculo el\u00e9trico \u2014 afinal, estamos na cidade do futuro!<\/p>\n<p>Mas o que mais chama a aten\u00e7\u00e3o n\u00e3o s\u00e3o as luzes ou os enfeites. \u00c9 o reencontro. As fam\u00edlias que se re\u00fanem nos gramados, os casais que andam de m\u00e3os dadas, e os turistas que, pela primeira vez, descobrem um Natal longe do clich\u00ea. Cada sorriso, cada abra\u00e7o, parece refor\u00e7ar que Bras\u00edlia, por mais que tenha fama de cidade administrativa, pulsa humanidade.<\/p>\n<p>E enquanto o c\u00e9u se pinta de vermelho ao p\u00f4r do sol, as luzes natalinas se acendem, garantindo que Bras\u00edlia seja, ao menos por uma noite, a casa do Papai Noel.<\/p>\n<p>Enfim, dizer mais o qu\u00ea? Feliz Natal, Bras\u00edlia!<\/p>\n","protected":false},"excerpt":{"rendered":"<p>Bras\u00edlia, com suas linhas arquitet\u00f4nicas ic\u00f4nicas e c\u00e9u de horizontes infinitos, parece ter se reinventado neste Natal. O esp\u00edrito natalino, que muitas vezes \u00e9 associado \u00e0s luzes das grandes capitais do Sudeste ou ao frio das cidades do Sul, ganhou contornos \u00fanicos no cora\u00e7\u00e3o do Brasil. A capital, reconhecida por suas formas modernistas e pelo [&hellip;]<\/p>\n","protected":false},"author":2,"featured_media":343732,"comment_status":"closed","ping_status":"closed","sticky":false,"template":"","format":"standard","meta":{"_acf_changed":false,"footnotes":""},"categories":[161],"tags":[],"class_list":["post-343731","post","type-post","status-publish","format-standard","has-post-thumbnail","hentry","category-quadradinho-em-foco"],"acf":[],"_links":{"self":[{"href":"https:\/\/www.notibras.com\/site\/wp-json\/wp\/v2\/posts\/343731","targetHints":{"allow":["GET"]}}],"collection":[{"href":"https:\/\/www.notibras.com\/site\/wp-json\/wp\/v2\/posts"}],"about":[{"href":"https:\/\/www.notibras.com\/site\/wp-json\/wp\/v2\/types\/post"}],"author":[{"embeddable":true,"href":"https:\/\/www.notibras.com\/site\/wp-json\/wp\/v2\/users\/2"}],"replies":[{"embeddable":true,"href":"https:\/\/www.notibras.com\/site\/wp-json\/wp\/v2\/comments?post=343731"}],"version-history":[{"count":1,"href":"https:\/\/www.notibras.com\/site\/wp-json\/wp\/v2\/posts\/343731\/revisions"}],"predecessor-version":[{"id":343733,"href":"https:\/\/www.notibras.com\/site\/wp-json\/wp\/v2\/posts\/343731\/revisions\/343733"}],"wp:featuredmedia":[{"embeddable":true,"href":"https:\/\/www.notibras.com\/site\/wp-json\/wp\/v2\/media\/343732"}],"wp:attachment":[{"href":"https:\/\/www.notibras.com\/site\/wp-json\/wp\/v2\/media?parent=343731"}],"wp:term":[{"taxonomy":"category","embeddable":true,"href":"https:\/\/www.notibras.com\/site\/wp-json\/wp\/v2\/categories?post=343731"},{"taxonomy":"post_tag","embeddable":true,"href":"https:\/\/www.notibras.com\/site\/wp-json\/wp\/v2\/tags?post=343731"}],"curies":[{"name":"wp","href":"https:\/\/api.w.org\/{rel}","templated":true}]}}