{"id":34376,"date":"2015-01-18T11:38:04","date_gmt":"2015-01-18T14:38:04","guid":{"rendered":"http:\/\/www.notibras.com\/site\/?p=34376"},"modified":"2015-01-18T11:38:04","modified_gmt":"2015-01-18T14:38:04","slug":"ironia-e-tragedia-no-episodio-dos-ataques-a-charlie-hebdo","status":"publish","type":"post","link":"https:\/\/www.notibras.com\/site\/ironia-e-tragedia-no-episodio-dos-ataques-a-charlie-hebdo\/","title":{"rendered":"Ironia e trag\u00e9dia no epis\u00f3dio dos ataques \u00e0 Charlie Hebdo"},"content":{"rendered":"<p>A luta para se apropriar de um duelo pol\u00edtico tem longa trajet\u00f3ria, sobretudo quando o luto tem origem em um crime. Plutarco narra, em Vidas paralelas, como, depois do assassinato de C\u00e9sar, no Senado romano, as distintas fac\u00e7\u00f5es batalharam para ocupar o vazio que engendra o desolamento p\u00fablico para se consolidar no poder. C\u00e1ssio e Brutus disputam a afli\u00e7\u00e3o popular com Ant\u00f4nio, mas este conseguiu com sua elegia f\u00fanebre colocar o povo de Roma contra os assassinos de C\u00e9sar e desencadear uma guerra civil.<\/p>\n<p>Um paralelismo pode ser tra\u00e7ado com os esfor\u00e7os para recuperar espa\u00e7os p\u00fablicos ap\u00f3s o ataque contra a Charlie Hebdo. Esta sempre foi uma revista irreverente com o poder, militar ou econ\u00f4mico, iconoclasta com todos os s\u00edmbolos de hierarquias, laicas ou religiosas. \u00c9 e foi inimiga do racismo e da discrimina\u00e7\u00e3o em todas suas manifesta\u00e7\u00f5es.<\/p>\n<p>Sempre lutou contra as ditaduras e a arbitrariedade, o poderio militar e o intervencionismo neocolonial. Mas agora, em pleno duelo social, buscam de todas as formas se apropriar dos s\u00edmbolos e bandeiras que acompanharam a Charlie em sua luta. Est\u00e3o buscando instrumentalizar a trag\u00e9dia para promover o terrorismo de Estado. Hoje, corre-se o risco de transformar tudo isto em um epis\u00f3dio mais da luta contra o terror e do suposto choque entre civiliza\u00e7\u00f5es.<\/p>\n<p>A concentra\u00e7\u00e3o em Paris, no domingo passado, teve dois p\u00fablicos. No primeiro, o povo e suas organiza\u00e7\u00f5es, sindicatos, associa\u00e7\u00f5es civis, manifestando rep\u00fadio ao covarde assassinato dos redatores da Charlie Hebdo e dos ref\u00e9ns do metr\u00f4 de Paris. Muitos deles seguiram de perto a \u00e9pica luta do seman\u00e1rio e de seu predecessor, Hebdo HaraKiri, desde 1969. Luta a partir da esquerda contra o despotismo, explora\u00e7\u00e3o, engano e intimida\u00e7\u00e3o.<\/p>\n<blockquote><p>Mas, naquele dia, marcharam em Paris tamb\u00e9m chefes de Estado e l\u00edderes pol\u00edticos de partidos e organiza\u00e7\u00f5es que sempre abriram as portas para a guerra, para o com\u00e9rcio de armas e para o capital financeiro. Marcharam lado a lado Merkel, Rajoy e Renzi, chefes da austeridade neoliberal que atualmente destr\u00f3i a Europa. N\u00e3o faltaram Netanyahu e outros amigos do militarismo. Tamb\u00e9m se somaram a eles alguns not\u00e1veis como guardi\u00f5es da ordem moral burguesa e da obesa hipocrisia dos bons costumes, amigos do racismo e da descrimina\u00e7\u00e3o. Faltaram somente Marine Le Pen e os neonazistas para completar o quadro.<\/p><\/blockquote>\n<p>Outros, nem sequer tiveram que viajar a Paris para explorar o momento. Em Atenas, o primeiro-ministro aproveitou a oportunidade para fazer investidas contra o Syriza por sua postura sobre a imigra\u00e7\u00e3o. Do M\u00e9xico, o governo manifestou seu pesar: deve saber que isso n\u00e3o anula sua grave responsabilidade nos assassinatos (Tlatlaya) e desaparecimentos (Ayotzinapa).<\/p>\n<p>A ironia \u00e9 brutal: os inimigos da Charlie Hebdo est\u00e3o lutando para disputar o duelo, os que promovem a guerra contra o terror e os que semearam esta praga por todos os cantos do mundo.<\/p>\n<p>Criticou-se a imprud\u00eancia dos caricaturistas da Charlie Hebdo. Mas \u00e9 preciso responder com uma reflex\u00e3o pol\u00edtica, porque \u00e9 disso que estamos falando, de pol\u00edtica, n\u00e3o de bons costumes ou de etiqueta. Por que \u00e9 t\u00e3o importante a liberdade de express\u00e3o? A resposta \u00e9 clara: a liberdade de express\u00e3o \u00e9 irm\u00e3 g\u00eamea da liberdade de consci\u00eancia, e as demais liberdades carecem de sentido sem elas. Em particular, sem liberdade de express\u00e3o, a liberdade de associa\u00e7\u00e3o pol\u00edtica fica sem sentido.<\/p>\n<blockquote><p>N\u00e3o \u00e9 exagero afirmar que a liberdade de consci\u00eancia e a liberdade de express\u00e3o s\u00e3o as mais importantes do cat\u00e1logo de liberdades republicanas. Por isso, os limites da liberdade de express\u00e3o s\u00e3o apenas tr\u00eas: a n\u00e3o incita\u00e7\u00e3o \u00e0 viol\u00eancia ou um crime e a difama\u00e7\u00e3o. A blasf\u00eamia n\u00e3o \u00e9 uma das restri\u00e7\u00f5es, como deixa claro a Declara\u00e7\u00e3o dos Direitos do Homem e do Cidad\u00e3o de 1789.<\/p><\/blockquote>\n<p>Na imprensa internacional, sobretudo no mundo anglo-sax\u00e3o, a Charlie Hebdo tem sido apresentada como um ve\u00edculo obstinado em ridicularizar o fundamentalismo isl\u00e2mico, como se este tivesse sido seu \u00fanico trabalho. Nada mais afastado da verdade. Os primeiros inimigos da Charlie foram o fascismo, o racismo, o neocolonialismo, o militarismo e a pena de morte. O fanatismo religioso e seu apoio hip\u00f3crita a estruturas de explora\u00e7\u00e3o esteve sempre em seu cat\u00e1logo de inimigos a vencer, mas n\u00e3o \u00e9 o \u00fanico nesta lista.<\/p>\n<p>O luto p\u00fablico \u00e9 a parteira de uma an\u00e1lise pol\u00edtica fraca porque a dor e a sede de vingan\u00e7a escurecem o racioc\u00ednio e tornam a racionaliza\u00e7\u00e3o dif\u00edcil. Por isso, o oportunismo encontra nas lamenta\u00e7\u00f5es um terreno f\u00e9rtil para suas estratagemas. Hoje, mais do que nunca, \u00e9 necess\u00e1ria uma an\u00e1lise pol\u00edtica cuidadosa. A trag\u00e9dia em Charlie Hebdo n\u00e3o \u00e9 parte dessa farsa chamada guerra contra o terror, nem de um suposto choque de civiliza\u00e7\u00f5es.<\/p>\n<p><strong>Alejandro Nadal<br \/>\n<\/strong><\/p>\n","protected":false},"excerpt":{"rendered":"<p>A luta para se apropriar de um duelo pol\u00edtico tem longa trajet\u00f3ria, sobretudo quando o luto tem origem em um crime. Plutarco narra, em Vidas paralelas, como, depois do assassinato de C\u00e9sar, no Senado romano, as distintas fac\u00e7\u00f5es batalharam para ocupar o vazio que engendra o desolamento p\u00fablico para se consolidar no poder. C\u00e1ssio e [&hellip;]<\/p>\n","protected":false},"author":2,"featured_media":34378,"comment_status":"open","ping_status":"closed","sticky":false,"template":"","format":"standard","meta":{"_acf_changed":false,"footnotes":""},"categories":[25],"tags":[],"class_list":["post-34376","post","type-post","status-publish","format-standard","has-post-thumbnail","hentry","category-opina-ai"],"acf":[],"yoast_head":"<!-- This site is optimized with the Yoast SEO plugin v27.2 - https:\/\/yoast.com\/product\/yoast-seo-wordpress\/ -->\n<title>Ironia e trag\u00e9dia no epis\u00f3dio dos ataques \u00e0 Charlie Hebdo - Notibras<\/title>\n<meta name=\"robots\" content=\"index, follow, max-snippet:-1, max-image-preview:large, max-video-preview:-1\" \/>\n<link rel=\"canonical\" href=\"https:\/\/www.notibras.com\/site\/ironia-e-tragedia-no-episodio-dos-ataques-a-charlie-hebdo\/\" \/>\n<meta property=\"og:locale\" content=\"pt_BR\" \/>\n<meta property=\"og:type\" content=\"article\" \/>\n<meta property=\"og:title\" content=\"Ironia e trag\u00e9dia no epis\u00f3dio dos ataques \u00e0 Charlie Hebdo - Notibras\" \/>\n<meta property=\"og:description\" content=\"A luta para se apropriar de um duelo pol\u00edtico tem longa trajet\u00f3ria, sobretudo quando o luto tem origem em um crime. Plutarco narra, em Vidas paralelas, como, depois do assassinato de C\u00e9sar, no Senado romano, as distintas fac\u00e7\u00f5es batalharam para ocupar o vazio que engendra o desolamento p\u00fablico para se consolidar no poder. C\u00e1ssio e [&hellip;]\" \/>\n<meta property=\"og:url\" content=\"https:\/\/www.notibras.com\/site\/ironia-e-tragedia-no-episodio-dos-ataques-a-charlie-hebdo\/\" \/>\n<meta property=\"og:site_name\" content=\"Notibras\" \/>\n<meta property=\"article:publisher\" content=\"https:\/\/www.facebook.com\/notibras\/\" \/>\n<meta property=\"article:published_time\" content=\"2015-01-18T14:38:04+00:00\" \/>\n<meta property=\"og:image\" content=\"https:\/\/www.notibras.com\/site\/wp-content\/uploads\/2015\/01\/1522240838.jpg\" \/>\n\t<meta property=\"og:image:width\" content=\"640\" \/>\n\t<meta property=\"og:image:height\" content=\"370\" \/>\n\t<meta property=\"og:image:type\" content=\"image\/jpeg\" \/>\n<meta name=\"author\" content=\"Reda\u00e7\u00e3o\" \/>\n<meta name=\"twitter:card\" content=\"summary_large_image\" \/>\n<meta name=\"twitter:creator\" content=\"@Notibras\" \/>\n<meta name=\"twitter:site\" content=\"@Notibras\" \/>\n<meta name=\"twitter:label1\" content=\"Escrito por\" \/>\n\t<meta name=\"twitter:data1\" content=\"Reda\u00e7\u00e3o\" \/>\n\t<meta name=\"twitter:label2\" content=\"Est. tempo de leitura\" \/>\n\t<meta name=\"twitter:data2\" content=\"4 minutos\" \/>\n<script type=\"application\/ld+json\" class=\"yoast-schema-graph\">{\"@context\":\"https:\/\/schema.org\",\"@graph\":[{\"@type\":\"Article\",\"@id\":\"https:\/\/www.notibras.com\/site\/ironia-e-tragedia-no-episodio-dos-ataques-a-charlie-hebdo\/#article\",\"isPartOf\":{\"@id\":\"https:\/\/www.notibras.com\/site\/ironia-e-tragedia-no-episodio-dos-ataques-a-charlie-hebdo\/\"},\"author\":{\"name\":\"Reda\u00e7\u00e3o\",\"@id\":\"https:\/\/www.notibras.com\/site\/#\/schema\/person\/36ab0979449956132d3e5b517ea76ac8\"},\"headline\":\"Ironia e trag\u00e9dia no epis\u00f3dio dos ataques \u00e0 Charlie Hebdo\",\"datePublished\":\"2015-01-18T14:38:04+00:00\",\"mainEntityOfPage\":{\"@id\":\"https:\/\/www.notibras.com\/site\/ironia-e-tragedia-no-episodio-dos-ataques-a-charlie-hebdo\/\"},\"wordCount\":859,\"commentCount\":0,\"publisher\":{\"@id\":\"https:\/\/www.notibras.com\/site\/#organization\"},\"image\":{\"@id\":\"https:\/\/www.notibras.com\/site\/ironia-e-tragedia-no-episodio-dos-ataques-a-charlie-hebdo\/#primaryimage\"},\"thumbnailUrl\":\"https:\/\/www.notibras.com\/site\/wp-content\/uploads\/2015\/01\/1522240838.jpg\",\"articleSection\":[\"Opina a\u00ed\"],\"inLanguage\":\"pt-BR\",\"potentialAction\":[{\"@type\":\"CommentAction\",\"name\":\"Comment\",\"target\":[\"https:\/\/www.notibras.com\/site\/ironia-e-tragedia-no-episodio-dos-ataques-a-charlie-hebdo\/#respond\"]}]},{\"@type\":\"WebPage\",\"@id\":\"https:\/\/www.notibras.com\/site\/ironia-e-tragedia-no-episodio-dos-ataques-a-charlie-hebdo\/\",\"url\":\"https:\/\/www.notibras.com\/site\/ironia-e-tragedia-no-episodio-dos-ataques-a-charlie-hebdo\/\",\"name\":\"Ironia e trag\u00e9dia no epis\u00f3dio dos ataques \u00e0 Charlie Hebdo - Notibras\",\"isPartOf\":{\"@id\":\"https:\/\/www.notibras.com\/site\/#website\"},\"primaryImageOfPage\":{\"@id\":\"https:\/\/www.notibras.com\/site\/ironia-e-tragedia-no-episodio-dos-ataques-a-charlie-hebdo\/#primaryimage\"},\"image\":{\"@id\":\"https:\/\/www.notibras.com\/site\/ironia-e-tragedia-no-episodio-dos-ataques-a-charlie-hebdo\/#primaryimage\"},\"thumbnailUrl\":\"https:\/\/www.notibras.com\/site\/wp-content\/uploads\/2015\/01\/1522240838.jpg\",\"datePublished\":\"2015-01-18T14:38:04+00:00\",\"breadcrumb\":{\"@id\":\"https:\/\/www.notibras.com\/site\/ironia-e-tragedia-no-episodio-dos-ataques-a-charlie-hebdo\/#breadcrumb\"},\"inLanguage\":\"pt-BR\",\"potentialAction\":[{\"@type\":\"ReadAction\",\"target\":[\"https:\/\/www.notibras.com\/site\/ironia-e-tragedia-no-episodio-dos-ataques-a-charlie-hebdo\/\"]}]},{\"@type\":\"ImageObject\",\"inLanguage\":\"pt-BR\",\"@id\":\"https:\/\/www.notibras.com\/site\/ironia-e-tragedia-no-episodio-dos-ataques-a-charlie-hebdo\/#primaryimage\",\"url\":\"https:\/\/www.notibras.com\/site\/wp-content\/uploads\/2015\/01\/1522240838.jpg\",\"contentUrl\":\"https:\/\/www.notibras.com\/site\/wp-content\/uploads\/2015\/01\/1522240838.jpg\",\"width\":640,\"height\":370},{\"@type\":\"BreadcrumbList\",\"@id\":\"https:\/\/www.notibras.com\/site\/ironia-e-tragedia-no-episodio-dos-ataques-a-charlie-hebdo\/#breadcrumb\",\"itemListElement\":[{\"@type\":\"ListItem\",\"position\":1,\"name\":\"In\u00edcio\",\"item\":\"https:\/\/www.notibras.com\/site\/\"},{\"@type\":\"ListItem\",\"position\":2,\"name\":\"Ironia e trag\u00e9dia no epis\u00f3dio dos ataques \u00e0 Charlie Hebdo\"}]},{\"@type\":\"WebSite\",\"@id\":\"https:\/\/www.notibras.com\/site\/#website\",\"url\":\"https:\/\/www.notibras.com\/site\/\",\"name\":\"Notibras\",\"description\":\"Not\u00edcias de Bras\u00edlia, do Brasil e do Mundo\",\"publisher\":{\"@id\":\"https:\/\/www.notibras.com\/site\/#organization\"},\"potentialAction\":[{\"@type\":\"SearchAction\",\"target\":{\"@type\":\"EntryPoint\",\"urlTemplate\":\"https:\/\/www.notibras.com\/site\/?s={search_term_string}\"},\"query-input\":{\"@type\":\"PropertyValueSpecification\",\"valueRequired\":true,\"valueName\":\"search_term_string\"}}],\"inLanguage\":\"pt-BR\"},{\"@type\":\"Organization\",\"@id\":\"https:\/\/www.notibras.com\/site\/#organization\",\"name\":\"Grupo Notibras de Comunica\u00e7\u00e3o\",\"url\":\"https:\/\/www.notibras.com\/site\/\",\"logo\":{\"@type\":\"ImageObject\",\"inLanguage\":\"pt-BR\",\"@id\":\"https:\/\/www.notibras.com\/site\/#\/schema\/logo\/image\/\",\"url\":\"https:\/\/www.notibras.com\/site\/wp-content\/uploads\/2023\/01\/notibras23.png\",\"contentUrl\":\"https:\/\/www.notibras.com\/site\/wp-content\/uploads\/2023\/01\/notibras23.png\",\"width\":350,\"height\":87,\"caption\":\"Grupo Notibras de Comunica\u00e7\u00e3o\"},\"image\":{\"@id\":\"https:\/\/www.notibras.com\/site\/#\/schema\/logo\/image\/\"},\"sameAs\":[\"https:\/\/www.facebook.com\/notibras\/\",\"https:\/\/x.com\/Notibras\",\"https:\/\/www.instagram.com\/notibras\/\"]},{\"@type\":\"Person\",\"@id\":\"https:\/\/www.notibras.com\/site\/#\/schema\/person\/36ab0979449956132d3e5b517ea76ac8\",\"name\":\"Reda\u00e7\u00e3o\",\"image\":{\"@type\":\"ImageObject\",\"inLanguage\":\"pt-BR\",\"@id\":\"https:\/\/secure.gravatar.com\/avatar\/e0a867bdedb85fd243eadf09663511f96fc81e0720a4a42581f334ad4303aa6b?s=96&d=mm&r=g\",\"url\":\"https:\/\/secure.gravatar.com\/avatar\/e0a867bdedb85fd243eadf09663511f96fc81e0720a4a42581f334ad4303aa6b?s=96&d=mm&r=g\",\"contentUrl\":\"https:\/\/secure.gravatar.com\/avatar\/e0a867bdedb85fd243eadf09663511f96fc81e0720a4a42581f334ad4303aa6b?s=96&d=mm&r=g\",\"caption\":\"Reda\u00e7\u00e3o\"}}]}<\/script>\n<!-- \/ Yoast SEO plugin. -->","yoast_head_json":{"title":"Ironia e trag\u00e9dia no epis\u00f3dio dos ataques \u00e0 Charlie Hebdo - Notibras","robots":{"index":"index","follow":"follow","max-snippet":"max-snippet:-1","max-image-preview":"max-image-preview:large","max-video-preview":"max-video-preview:-1"},"canonical":"https:\/\/www.notibras.com\/site\/ironia-e-tragedia-no-episodio-dos-ataques-a-charlie-hebdo\/","og_locale":"pt_BR","og_type":"article","og_title":"Ironia e trag\u00e9dia no epis\u00f3dio dos ataques \u00e0 Charlie Hebdo - Notibras","og_description":"A luta para se apropriar de um duelo pol\u00edtico tem longa trajet\u00f3ria, sobretudo quando o luto tem origem em um crime. Plutarco narra, em Vidas paralelas, como, depois do assassinato de C\u00e9sar, no Senado romano, as distintas fac\u00e7\u00f5es batalharam para ocupar o vazio que engendra o desolamento p\u00fablico para se consolidar no poder. C\u00e1ssio e [&hellip;]","og_url":"https:\/\/www.notibras.com\/site\/ironia-e-tragedia-no-episodio-dos-ataques-a-charlie-hebdo\/","og_site_name":"Notibras","article_publisher":"https:\/\/www.facebook.com\/notibras\/","article_published_time":"2015-01-18T14:38:04+00:00","og_image":[{"width":640,"height":370,"url":"https:\/\/www.notibras.com\/site\/wp-content\/uploads\/2015\/01\/1522240838.jpg","type":"image\/jpeg"}],"author":"Reda\u00e7\u00e3o","twitter_card":"summary_large_image","twitter_creator":"@Notibras","twitter_site":"@Notibras","twitter_misc":{"Escrito por":"Reda\u00e7\u00e3o","Est. tempo de leitura":"4 minutos"},"schema":{"@context":"https:\/\/schema.org","@graph":[{"@type":"Article","@id":"https:\/\/www.notibras.com\/site\/ironia-e-tragedia-no-episodio-dos-ataques-a-charlie-hebdo\/#article","isPartOf":{"@id":"https:\/\/www.notibras.com\/site\/ironia-e-tragedia-no-episodio-dos-ataques-a-charlie-hebdo\/"},"author":{"name":"Reda\u00e7\u00e3o","@id":"https:\/\/www.notibras.com\/site\/#\/schema\/person\/36ab0979449956132d3e5b517ea76ac8"},"headline":"Ironia e trag\u00e9dia no epis\u00f3dio dos ataques \u00e0 Charlie Hebdo","datePublished":"2015-01-18T14:38:04+00:00","mainEntityOfPage":{"@id":"https:\/\/www.notibras.com\/site\/ironia-e-tragedia-no-episodio-dos-ataques-a-charlie-hebdo\/"},"wordCount":859,"commentCount":0,"publisher":{"@id":"https:\/\/www.notibras.com\/site\/#organization"},"image":{"@id":"https:\/\/www.notibras.com\/site\/ironia-e-tragedia-no-episodio-dos-ataques-a-charlie-hebdo\/#primaryimage"},"thumbnailUrl":"https:\/\/www.notibras.com\/site\/wp-content\/uploads\/2015\/01\/1522240838.jpg","articleSection":["Opina a\u00ed"],"inLanguage":"pt-BR","potentialAction":[{"@type":"CommentAction","name":"Comment","target":["https:\/\/www.notibras.com\/site\/ironia-e-tragedia-no-episodio-dos-ataques-a-charlie-hebdo\/#respond"]}]},{"@type":"WebPage","@id":"https:\/\/www.notibras.com\/site\/ironia-e-tragedia-no-episodio-dos-ataques-a-charlie-hebdo\/","url":"https:\/\/www.notibras.com\/site\/ironia-e-tragedia-no-episodio-dos-ataques-a-charlie-hebdo\/","name":"Ironia e trag\u00e9dia no epis\u00f3dio dos ataques \u00e0 Charlie Hebdo - Notibras","isPartOf":{"@id":"https:\/\/www.notibras.com\/site\/#website"},"primaryImageOfPage":{"@id":"https:\/\/www.notibras.com\/site\/ironia-e-tragedia-no-episodio-dos-ataques-a-charlie-hebdo\/#primaryimage"},"image":{"@id":"https:\/\/www.notibras.com\/site\/ironia-e-tragedia-no-episodio-dos-ataques-a-charlie-hebdo\/#primaryimage"},"thumbnailUrl":"https:\/\/www.notibras.com\/site\/wp-content\/uploads\/2015\/01\/1522240838.jpg","datePublished":"2015-01-18T14:38:04+00:00","breadcrumb":{"@id":"https:\/\/www.notibras.com\/site\/ironia-e-tragedia-no-episodio-dos-ataques-a-charlie-hebdo\/#breadcrumb"},"inLanguage":"pt-BR","potentialAction":[{"@type":"ReadAction","target":["https:\/\/www.notibras.com\/site\/ironia-e-tragedia-no-episodio-dos-ataques-a-charlie-hebdo\/"]}]},{"@type":"ImageObject","inLanguage":"pt-BR","@id":"https:\/\/www.notibras.com\/site\/ironia-e-tragedia-no-episodio-dos-ataques-a-charlie-hebdo\/#primaryimage","url":"https:\/\/www.notibras.com\/site\/wp-content\/uploads\/2015\/01\/1522240838.jpg","contentUrl":"https:\/\/www.notibras.com\/site\/wp-content\/uploads\/2015\/01\/1522240838.jpg","width":640,"height":370},{"@type":"BreadcrumbList","@id":"https:\/\/www.notibras.com\/site\/ironia-e-tragedia-no-episodio-dos-ataques-a-charlie-hebdo\/#breadcrumb","itemListElement":[{"@type":"ListItem","position":1,"name":"In\u00edcio","item":"https:\/\/www.notibras.com\/site\/"},{"@type":"ListItem","position":2,"name":"Ironia e trag\u00e9dia no epis\u00f3dio dos ataques \u00e0 Charlie Hebdo"}]},{"@type":"WebSite","@id":"https:\/\/www.notibras.com\/site\/#website","url":"https:\/\/www.notibras.com\/site\/","name":"Notibras","description":"Not\u00edcias de Bras\u00edlia, do Brasil e do Mundo","publisher":{"@id":"https:\/\/www.notibras.com\/site\/#organization"},"potentialAction":[{"@type":"SearchAction","target":{"@type":"EntryPoint","urlTemplate":"https:\/\/www.notibras.com\/site\/?s={search_term_string}"},"query-input":{"@type":"PropertyValueSpecification","valueRequired":true,"valueName":"search_term_string"}}],"inLanguage":"pt-BR"},{"@type":"Organization","@id":"https:\/\/www.notibras.com\/site\/#organization","name":"Grupo Notibras de Comunica\u00e7\u00e3o","url":"https:\/\/www.notibras.com\/site\/","logo":{"@type":"ImageObject","inLanguage":"pt-BR","@id":"https:\/\/www.notibras.com\/site\/#\/schema\/logo\/image\/","url":"https:\/\/www.notibras.com\/site\/wp-content\/uploads\/2023\/01\/notibras23.png","contentUrl":"https:\/\/www.notibras.com\/site\/wp-content\/uploads\/2023\/01\/notibras23.png","width":350,"height":87,"caption":"Grupo Notibras de Comunica\u00e7\u00e3o"},"image":{"@id":"https:\/\/www.notibras.com\/site\/#\/schema\/logo\/image\/"},"sameAs":["https:\/\/www.facebook.com\/notibras\/","https:\/\/x.com\/Notibras","https:\/\/www.instagram.com\/notibras\/"]},{"@type":"Person","@id":"https:\/\/www.notibras.com\/site\/#\/schema\/person\/36ab0979449956132d3e5b517ea76ac8","name":"Reda\u00e7\u00e3o","image":{"@type":"ImageObject","inLanguage":"pt-BR","@id":"https:\/\/secure.gravatar.com\/avatar\/e0a867bdedb85fd243eadf09663511f96fc81e0720a4a42581f334ad4303aa6b?s=96&d=mm&r=g","url":"https:\/\/secure.gravatar.com\/avatar\/e0a867bdedb85fd243eadf09663511f96fc81e0720a4a42581f334ad4303aa6b?s=96&d=mm&r=g","contentUrl":"https:\/\/secure.gravatar.com\/avatar\/e0a867bdedb85fd243eadf09663511f96fc81e0720a4a42581f334ad4303aa6b?s=96&d=mm&r=g","caption":"Reda\u00e7\u00e3o"}}]}},"amp_enabled":true,"_links":{"self":[{"href":"https:\/\/www.notibras.com\/site\/wp-json\/wp\/v2\/posts\/34376","targetHints":{"allow":["GET"]}}],"collection":[{"href":"https:\/\/www.notibras.com\/site\/wp-json\/wp\/v2\/posts"}],"about":[{"href":"https:\/\/www.notibras.com\/site\/wp-json\/wp\/v2\/types\/post"}],"author":[{"embeddable":true,"href":"https:\/\/www.notibras.com\/site\/wp-json\/wp\/v2\/users\/2"}],"replies":[{"embeddable":true,"href":"https:\/\/www.notibras.com\/site\/wp-json\/wp\/v2\/comments?post=34376"}],"version-history":[{"count":0,"href":"https:\/\/www.notibras.com\/site\/wp-json\/wp\/v2\/posts\/34376\/revisions"}],"wp:featuredmedia":[{"embeddable":true,"href":"https:\/\/www.notibras.com\/site\/wp-json\/wp\/v2\/media\/34378"}],"wp:attachment":[{"href":"https:\/\/www.notibras.com\/site\/wp-json\/wp\/v2\/media?parent=34376"}],"wp:term":[{"taxonomy":"category","embeddable":true,"href":"https:\/\/www.notibras.com\/site\/wp-json\/wp\/v2\/categories?post=34376"},{"taxonomy":"post_tag","embeddable":true,"href":"https:\/\/www.notibras.com\/site\/wp-json\/wp\/v2\/tags?post=34376"}],"curies":[{"name":"wp","href":"https:\/\/api.w.org\/{rel}","templated":true}]}}