{"id":343778,"date":"2024-12-23T09:13:16","date_gmt":"2024-12-23T12:13:16","guid":{"rendered":"https:\/\/www.notibras.com\/site\/?p=343778"},"modified":"2024-12-23T10:15:03","modified_gmt":"2024-12-23T13:15:03","slug":"federais-prendem-politicos-por-fraudes-em-licitacoes","status":"publish","type":"post","link":"https:\/\/www.notibras.com\/site\/federais-prendem-politicos-por-fraudes-em-licitacoes\/","title":{"rendered":"Federais prendem pol\u00edticos por fraudes em licita\u00e7\u00f5es"},"content":{"rendered":"<p>Policiais federais prenderam nesta segunda-feira (23) quatro pessoas (entre as quais pol\u00edticos) acusados de fraudes em licita\u00e7\u00e3o e desvio de recursos p\u00fablicos na Bahia. A segunda fase da Opera\u00e7\u00e3o Overclean tamb\u00e9m cumpre dez mandados de busca e apreens\u00e3o, em parceria com o Minist\u00e9rio P\u00fablico Federal (MPF).<\/p>\n<p>As medidas judiciais foram cumpridas em Bras\u00edlia e nas cidades baianas de Salvador, Teixeira de Freitas e Vit\u00f3ria da Conquista. Tamb\u00e9m foram determinados pela Justi\u00e7a o afastamento cautelar de um servidor p\u00fablico e o sequestro de bens que somam R$ 4,7 milh\u00f5es.<\/p>\n<p>A primeira fase da Opera\u00e7\u00e3o Overclean foi desencadeada no dia 10 de dezembro e investigou o direcionamento de recursos p\u00fablicos provenientes de emendas parlamentares e conv\u00eanios para empresas e indiv\u00edduos ligados a prefeituras baianas.<\/p>\n<p>O esquema, segundo a Pol\u00edcia Federal (PF), envolvia superfaturamento de obras e desvio de recursos, o que gerou preju\u00edzos de R$ 1,4 bilh\u00e3o ao Departamento Nacional de Obras contra as Secas (Dnocs).<\/p>\n<p>Ainda de acordo com a PF, o esquema contava com o apoio de policiais, que repassavam informa\u00e7\u00f5es sens\u00edveis \u00e0 organiza\u00e7\u00e3o criminosa, como a identifica\u00e7\u00e3o de agentes federais envolvidos em dilig\u00eancias sigilosas. As investiga\u00e7\u00f5es tiveram o apoio da Controladoria-Geral da Uni\u00e3o (CGU) e Receita Federal.<\/p>\n<p>Os alvos desta segunda fase da opera\u00e7\u00e3o est\u00e3o sendo investigados por fraudes em licita\u00e7\u00e3o, corrup\u00e7\u00e3o ativa e passiva, lavagem de dinheiro e obstru\u00e7\u00e3o da justi\u00e7a.<\/p>\n","protected":false},"excerpt":{"rendered":"<p>Policiais federais prenderam nesta segunda-feira (23) quatro pessoas (entre as quais pol\u00edticos) acusados de fraudes em licita\u00e7\u00e3o e desvio de recursos p\u00fablicos na Bahia. A segunda fase da Opera\u00e7\u00e3o Overclean tamb\u00e9m cumpre dez mandados de busca e apreens\u00e3o, em parceria com o Minist\u00e9rio P\u00fablico Federal (MPF). As medidas judiciais foram cumpridas em Bras\u00edlia e nas [&hellip;]<\/p>\n","protected":false},"author":2,"featured_media":331957,"comment_status":"closed","ping_status":"closed","sticky":false,"template":"","format":"standard","meta":{"_acf_changed":false,"footnotes":""},"categories":[165],"tags":[],"class_list":["post-343778","post","type-post","status-publish","format-standard","has-post-thumbnail","hentry","category-nordeste"],"acf":[],"_links":{"self":[{"href":"https:\/\/www.notibras.com\/site\/wp-json\/wp\/v2\/posts\/343778","targetHints":{"allow":["GET"]}}],"collection":[{"href":"https:\/\/www.notibras.com\/site\/wp-json\/wp\/v2\/posts"}],"about":[{"href":"https:\/\/www.notibras.com\/site\/wp-json\/wp\/v2\/types\/post"}],"author":[{"embeddable":true,"href":"https:\/\/www.notibras.com\/site\/wp-json\/wp\/v2\/users\/2"}],"replies":[{"embeddable":true,"href":"https:\/\/www.notibras.com\/site\/wp-json\/wp\/v2\/comments?post=343778"}],"version-history":[{"count":1,"href":"https:\/\/www.notibras.com\/site\/wp-json\/wp\/v2\/posts\/343778\/revisions"}],"predecessor-version":[{"id":343779,"href":"https:\/\/www.notibras.com\/site\/wp-json\/wp\/v2\/posts\/343778\/revisions\/343779"}],"wp:featuredmedia":[{"embeddable":true,"href":"https:\/\/www.notibras.com\/site\/wp-json\/wp\/v2\/media\/331957"}],"wp:attachment":[{"href":"https:\/\/www.notibras.com\/site\/wp-json\/wp\/v2\/media?parent=343778"}],"wp:term":[{"taxonomy":"category","embeddable":true,"href":"https:\/\/www.notibras.com\/site\/wp-json\/wp\/v2\/categories?post=343778"},{"taxonomy":"post_tag","embeddable":true,"href":"https:\/\/www.notibras.com\/site\/wp-json\/wp\/v2\/tags?post=343778"}],"curies":[{"name":"wp","href":"https:\/\/api.w.org\/{rel}","templated":true}]}}