{"id":343846,"date":"2024-12-24T00:13:48","date_gmt":"2024-12-24T03:13:48","guid":{"rendered":"https:\/\/www.notibras.com\/site\/?p=343846"},"modified":"2024-12-24T04:15:37","modified_gmt":"2024-12-24T07:15:37","slug":"plebe-rude-volta-aos-palcos-do-teatro-nacional-e-fas-cantam-sem-parar","status":"publish","type":"post","link":"https:\/\/www.notibras.com\/site\/plebe-rude-volta-aos-palcos-do-teatro-nacional-e-fas-cantam-sem-parar\/","title":{"rendered":"Plebe Rude volta aos palcos do Teatro Nacional e f\u00e3s cantam sem parar"},"content":{"rendered":"<p>\u00c9 claro que o rock brasiliense teria espa\u00e7o na programa\u00e7\u00e3o de reabertura do Teatro Nacional Claudio Santoro. Nesta segunda-feira (23), a banda Plebe Rude subiu ao palco da Sala Martins Pena para representar o g\u00eanero no ato Hoje \u00e9 Dia de Rock do projeto Viva o Teatro, que marca a reinaugura\u00e7\u00e3o do espa\u00e7o.<\/p>\n<p>\u201cRealmente uma honra para a Plebe Rude poder participar da reinaugura\u00e7\u00e3o do Teatro Nacional, isso \u00e9 muito importante para a cidade. E \u00e9 um palco de shows memor\u00e1veis, inclusive da hist\u00f3ria do rock de Bras\u00edlia\u201d, exaltou o vocalista Philippe Seabra, acrescentando que o local foi palco do primeiro grande show do rock de Bras\u00edlia, em 1966, com a banda Os Infernais, durante o Miss Bras\u00edlia daquele ano. \u201cE, desde ent\u00e3o, o rock est\u00e1 no DNA do brasiliense.\u201d<\/p>\n<p>A Plebe Rude, que, em 2025, comemora 40 anos do disco O Concreto J\u00e1 Rachou, foi formada em Bras\u00edlia no in\u00edcio dos anos 1980, em meio \u00e0 Turma da Colina \u2014 refer\u00eancia \u00e0 \u00e1rea destinada a resid\u00eancia de professores da Universidade de Bras\u00edlia (UnB), nascedouro tamb\u00e9m da banda Aborto El\u00e9trico, que, posteriormente daria origem ao Capital Inicial e \u00e0 Legi\u00e3o Urbana. A banda guarda rela\u00e7\u00e3o especial com o Teatro Nacional. Foi na sala Villa-Lobos que o grupo fez um show \u201cespetacular, memor\u00e1vel\u201d durante o retorno aos palcos, no in\u00edcio dos anos 2000, ap\u00f3s um hiato. \u201cAgora \u00e9 a hora da Sala Martins Pena receber o bom e velho som da Plebe Rude\u201d, celebrou Seabra.<\/p>\n<p>O secret\u00e1rio de Cultura e Economia Criativa do Distrito Federal, Claudio Abrantes, destacou o encontro do cl\u00e1ssico, representado pelo teatro, com o rock: \u201cDa mesma forma que o Teatro Nacional Claudio Santoro \u00e9 um patrim\u00f4nio de Bras\u00edlia e do Brasil, o nosso rock tamb\u00e9m \u00e9 esse patrim\u00f4nio. Ent\u00e3o, nada melhor do que a gente celebrar, nada melhor do que trazer o rock para dentro dessa grande casa, desse templo da cultura do pa\u00eds\u201d.<\/p>\n<p><strong>P\u00fablico<\/strong><br \/>\nOs f\u00e3s do grupo lotaram a Sala Martins Pena \u2014 que conta com 480 lugares \u2014, fizeram coro a can\u00e7\u00f5es como At\u00e9 Quando Esperar, Censura e A Ida, e at\u00e9 puxaram o grito de \u201col\u00ea, ol\u00ea, ol\u00ea, Plebe, Plebe\u201d, e, ao final, foram convidados pela banda a invadir o palco. Os ingressos para a apresenta\u00e7\u00e3o foram distribu\u00eddos gratuitamente, pela plataforma Sympla. \u201cFoi muito legal ter conseguido [o ingresso] para a Plebe Rude e \u00e9 muito legal estar aqui de volta. Tem dez anos que eu n\u00e3o moro em Bras\u00edlia, mas j\u00e1 vim muito [ao Teatro Nacional] e \u00e9 bastante emocionante voltar aqui e ver tudo de novo\u201d, pontuou o analista de neg\u00f3cios Jo\u00e3o Gabriel Danelon, nascido no Distrito Federal, mas que hoje vive no interior de S\u00e3o Paulo.<\/p>\n<p>J\u00e1 o casal Luciana Hitomi e Marcelo Pereira fez o caminho inverso. Paulistas, eles se mudaram para a capital federal h\u00e1 cerca de dois anos e ansiavam por conhecer o Teatro Nacional. Melhor ainda com um grupo do qual s\u00e3o f\u00e3s. \u201cEu estava muito na expectativa da reabertura do teatro, s\u00e3o dez anos fechados, e escolheram uma banda muito legal, que \u00e9 uma banda muito representativa de Bras\u00edlia\u201d, apontou a servidora p\u00fablica. \u201cPor toda simbologia que o teatro tem dentro da hist\u00f3ria de Bras\u00edlia, hoje consegue amarrar tudo: a Plebe Rude, com a hist\u00f3ria que ela tem com a capital, no Teatro Nacional \u00e9 um evento marcante\u201d, emendou o engenheiro de alimentos.<\/p>\n<p>O projeto Viva o Teatro teve in\u00edcio na \u00faltima quarta-feira (18), com um concerto da Orquestra Sinf\u00f4nica do Teatro Nacional Claudio Santoro (OSTNCS) em homenagem aos oper\u00e1rios que trabalharam na reforma do espa\u00e7o. Na sexta (20), a reabertura oficial contou com show da dupla Chit\u00e3ozinho e Xoror\u00f3, acompanhada da OSTNCS. Os dois eventos foram exclusivos para convidados.<\/p>\n<p>No s\u00e1bado (21), o cantor Almir Sater comandou o primeiro show aberto ao p\u00fablico ap\u00f3s a reinaugura\u00e7\u00e3o do teatro. No domingo (22) foi o dia das artes c\u00eanicas, com apresenta\u00e7\u00e3o da montagem infantil Os Saltimbancos, da Agrupa\u00e7\u00e3o Teatral Amacaca, e com a pe\u00e7a Tela Plana, da Companhia de Com\u00e9dia Os Melhores do Mundo. A programa\u00e7\u00e3o ter\u00e1 ainda um espet\u00e1culo com diferentes tipos de dan\u00e7a, na quinta-feira (26).<\/p>\n<p><strong>Restauro<\/strong><br \/>\nA obra de restaura\u00e7\u00e3o do Teatro Nacional Claudio Santoro pelo Governo do Distrito Federal (GDF) teve in\u00edcio em dezembro de 2022, pela Sala Martins Pena e seu respectivo foyer. A viabilidade da reforma s\u00f3 ocorreu depois que este GDF decidiu fracionar o projeto em quatro etapas.<\/p>\n<p>Com investimento de R$ 70 milh\u00f5es por meio da Companhia Urbanizadora da Nova Capital (Novacap) e da Secretaria de Cultura e Economia Criativa (Secec-DF), a primeira etapa consistiu na adequa\u00e7\u00e3o da infraestrutura para as diretrizes atuais, bem como a recupera\u00e7\u00e3o da sala Martins Pena.<\/p>\n<p>Ser\u00e3o investidos R$ 315 milh\u00f5es na pr\u00f3xima fase da obra, que teve o edital de licita\u00e7\u00e3o divulgado no Di\u00e1rio Oficial do Distrito Federal (DODF). O projeto inclui a Sala Villa-Lobos, o Espa\u00e7o Dercy Gon\u00e7alves, a Sala Alberto Nepomuceno e o foyer da Villa-Lobos.<\/p>\n","protected":false},"excerpt":{"rendered":"<p>\u00c9 claro que o rock brasiliense teria espa\u00e7o na programa\u00e7\u00e3o de reabertura do Teatro Nacional Claudio Santoro. Nesta segunda-feira (23), a banda Plebe Rude subiu ao palco da Sala Martins Pena para representar o g\u00eanero no ato Hoje \u00e9 Dia de Rock do projeto Viva o Teatro, que marca a reinaugura\u00e7\u00e3o do espa\u00e7o. \u201cRealmente uma [&hellip;]<\/p>\n","protected":false},"author":2,"featured_media":343847,"comment_status":"closed","ping_status":"closed","sticky":false,"template":"","format":"standard","meta":{"_acf_changed":false,"footnotes":""},"categories":[161],"tags":[],"class_list":["post-343846","post","type-post","status-publish","format-standard","has-post-thumbnail","hentry","category-quadradinho-em-foco"],"acf":[],"_links":{"self":[{"href":"https:\/\/www.notibras.com\/site\/wp-json\/wp\/v2\/posts\/343846","targetHints":{"allow":["GET"]}}],"collection":[{"href":"https:\/\/www.notibras.com\/site\/wp-json\/wp\/v2\/posts"}],"about":[{"href":"https:\/\/www.notibras.com\/site\/wp-json\/wp\/v2\/types\/post"}],"author":[{"embeddable":true,"href":"https:\/\/www.notibras.com\/site\/wp-json\/wp\/v2\/users\/2"}],"replies":[{"embeddable":true,"href":"https:\/\/www.notibras.com\/site\/wp-json\/wp\/v2\/comments?post=343846"}],"version-history":[{"count":1,"href":"https:\/\/www.notibras.com\/site\/wp-json\/wp\/v2\/posts\/343846\/revisions"}],"predecessor-version":[{"id":343848,"href":"https:\/\/www.notibras.com\/site\/wp-json\/wp\/v2\/posts\/343846\/revisions\/343848"}],"wp:featuredmedia":[{"embeddable":true,"href":"https:\/\/www.notibras.com\/site\/wp-json\/wp\/v2\/media\/343847"}],"wp:attachment":[{"href":"https:\/\/www.notibras.com\/site\/wp-json\/wp\/v2\/media?parent=343846"}],"wp:term":[{"taxonomy":"category","embeddable":true,"href":"https:\/\/www.notibras.com\/site\/wp-json\/wp\/v2\/categories?post=343846"},{"taxonomy":"post_tag","embeddable":true,"href":"https:\/\/www.notibras.com\/site\/wp-json\/wp\/v2\/tags?post=343846"}],"curies":[{"name":"wp","href":"https:\/\/api.w.org\/{rel}","templated":true}]}}