{"id":343849,"date":"2024-12-24T00:00:05","date_gmt":"2024-12-24T03:00:05","guid":{"rendered":"https:\/\/www.notibras.com\/site\/?p=343849"},"modified":"2024-12-24T04:20:52","modified_gmt":"2024-12-24T07:20:52","slug":"projeto-de-cara-nova-retira-35-toneladas-de-entulho-de-lixao-irregular","status":"publish","type":"post","link":"https:\/\/www.notibras.com\/site\/projeto-de-cara-nova-retira-35-toneladas-de-entulho-de-lixao-irregular\/","title":{"rendered":"Projeto De Cara Nova retira 35 toneladas de entulho de lix\u00e3o irregular"},"content":{"rendered":"<p>Um ponto cr\u00edtico de descarte irregular de lixo e entulhos no Riacho Fundo II passou por limpeza e renova\u00e7\u00e3o nesta segunda-feira (23). O projeto De Cara Nova, do Servi\u00e7o de Limpeza Urbana (SLU), retirou 35 toneladas de entulhos de um terreno na QN 10 da regi\u00e3o, que recebeu a iniciativa da autarquia pela terceira vez. A a\u00e7\u00e3o foi fruto de parceria com a Administra\u00e7\u00e3o Regional do Riacho Fundo II.<\/p>\n<p>Durante o evento de entrega do local, o diretor adjunto do SLU, Cleilson Gadelha Queiroz, falou sobre a import\u00e2ncia da iniciativa. \u201cO SLU mais uma vez trouxe o De Cara Nova para o Riacho Fundo II e agora entregou esse presente de Natal para a popula\u00e7\u00e3o. Com o projeto, n\u00f3s tamb\u00e9m estamos transformando locais conhecidos pelo descarte irregular de res\u00edduos em espa\u00e7os de conviv\u00eancia limpos e bonitos\u201d, enfatizou.<\/p>\n<p>Nesta edi\u00e7\u00e3o do projeto, tamb\u00e9m foram plantadas 30 mudas de plantas. O gari da cata\u00e7\u00e3o Cristiano Freire, que \u00e9 artista em reaproveitamento de recicl\u00e1veis, utilizou cerca de 100 pneus para a confec\u00e7\u00e3o de bancos e outros objetos para ornamentar o espa\u00e7o.<\/p>\n<p>A administradora do Riacho Fundo II, Ana Maria da Silva, exaltou a a\u00e7\u00e3o do SLU. \u201cUm dos benef\u00edcios do De Cara Nova para a nossa popula\u00e7\u00e3o \u00e9 a elimina\u00e7\u00e3o de espa\u00e7os de descarte irregular de lixo, evitando a prolifera\u00e7\u00e3o de doen\u00e7as, al\u00e9m de tornar os locais mais bonitos e agrad\u00e1veis\u201d, disse. Tamb\u00e9m participou da entrega do espa\u00e7o a superintendente de Res\u00edduos S\u00f3lidos da Adasa, Ellen D\u00e2nia.<\/p>\n<p><strong>De Cara Nova<\/strong><br \/>\nO projeto visa principalmente \u00e0 remo\u00e7\u00e3o dos res\u00edduos de \u00e1reas frequentemente usadas para o descarte irregular. A iniciativa tamb\u00e9m prev\u00ea a renova\u00e7\u00e3o e a ornamenta\u00e7\u00e3o do local, por meio do plantio de mudas e do uso de pneus coloridos, al\u00e9m da instala\u00e7\u00e3o de sinaliza\u00e7\u00f5es educativas, com placas orientando sobre as penalidades e o local correto de descarte. As equipes de mobiliza\u00e7\u00e3o do SLU tamb\u00e9m percorrem as ruas da regi\u00e3o escolhida e, de casa em casa, orientam sobre o uso do papa-entulho e seus benef\u00edcios.<\/p>\n<p>A iniciativa teve in\u00edcio em janeiro de 2023, e o primeiro ponto a ser recuperado fica na DF-001, no Parano\u00e1. Desde ent\u00e3o o projeto passou por v\u00e1rias regi\u00f5es do Distrito Federal, como Santa Maria, Ceil\u00e2ndia, Gama, Recanto das Emas, Samambaia, Brazl\u00e2ndia, Itapo\u00e3, Varj\u00e3o, Planaltina, Park Way, Guar\u00e1 II, S\u00e3o Sebasti\u00e3o, e agora, pela terceira vez, no Riacho Fundo II.<\/p>\n","protected":false},"excerpt":{"rendered":"<p>Um ponto cr\u00edtico de descarte irregular de lixo e entulhos no Riacho Fundo II passou por limpeza e renova\u00e7\u00e3o nesta segunda-feira (23). O projeto De Cara Nova, do Servi\u00e7o de Limpeza Urbana (SLU), retirou 35 toneladas de entulhos de um terreno na QN 10 da regi\u00e3o, que recebeu a iniciativa da autarquia pela terceira vez. [&hellip;]<\/p>\n","protected":false},"author":2,"featured_media":343850,"comment_status":"closed","ping_status":"closed","sticky":false,"template":"","format":"standard","meta":{"_acf_changed":false,"footnotes":""},"categories":[161],"tags":[],"class_list":["post-343849","post","type-post","status-publish","format-standard","has-post-thumbnail","hentry","category-quadradinho-em-foco"],"acf":[],"_links":{"self":[{"href":"https:\/\/www.notibras.com\/site\/wp-json\/wp\/v2\/posts\/343849","targetHints":{"allow":["GET"]}}],"collection":[{"href":"https:\/\/www.notibras.com\/site\/wp-json\/wp\/v2\/posts"}],"about":[{"href":"https:\/\/www.notibras.com\/site\/wp-json\/wp\/v2\/types\/post"}],"author":[{"embeddable":true,"href":"https:\/\/www.notibras.com\/site\/wp-json\/wp\/v2\/users\/2"}],"replies":[{"embeddable":true,"href":"https:\/\/www.notibras.com\/site\/wp-json\/wp\/v2\/comments?post=343849"}],"version-history":[{"count":1,"href":"https:\/\/www.notibras.com\/site\/wp-json\/wp\/v2\/posts\/343849\/revisions"}],"predecessor-version":[{"id":343851,"href":"https:\/\/www.notibras.com\/site\/wp-json\/wp\/v2\/posts\/343849\/revisions\/343851"}],"wp:featuredmedia":[{"embeddable":true,"href":"https:\/\/www.notibras.com\/site\/wp-json\/wp\/v2\/media\/343850"}],"wp:attachment":[{"href":"https:\/\/www.notibras.com\/site\/wp-json\/wp\/v2\/media?parent=343849"}],"wp:term":[{"taxonomy":"category","embeddable":true,"href":"https:\/\/www.notibras.com\/site\/wp-json\/wp\/v2\/categories?post=343849"},{"taxonomy":"post_tag","embeddable":true,"href":"https:\/\/www.notibras.com\/site\/wp-json\/wp\/v2\/tags?post=343849"}],"curies":[{"name":"wp","href":"https:\/\/api.w.org\/{rel}","templated":true}]}}